{"id":1364,"date":"2020-12-08T20:17:27","date_gmt":"2020-12-08T23:17:27","guid":{"rendered":"http:\/\/localhost:8888\/maleta-do-engenheiro\/?p=1364"},"modified":"2025-04-09T17:28:37","modified_gmt":"2025-04-09T20:28:37","slug":"como-definir-o-padrao-de-nomenclatura-dos-arquivos-da-obra","status":"publish","type":"post","link":"https:\/\/coordly.co\/en\/blog\/como-definir-o-padrao-de-nomenclatura-dos-arquivos-da-obra\/","title":{"rendered":"Como definir o padr\u00e3o de nomenclatura dos Arquivos da Obra?"},"content":{"rendered":"<p>Ao acessar pela primeira vez a obra e ativar o plano premium, voc\u00ea ir\u00e1 cadastrar sua primeira obra.&nbsp;<\/p>\n\n\n\n<p>No cadastro da primeira obra, voc\u00ea inclui os dados (Cadastro; Disciplinas; Usu\u00e1rios; Permiss\u00f5es) e, finalmente a nomenclatura!&nbsp;<\/p>\n\n\n\n<p>Aqui voc\u00ea ir\u00e1 definir o padr\u00e3o de nomenclatura da sua construtora, que dever\u00e1 ser seguido pelos projetistas e todos os usu\u00e1rios que postarem arquivos.&nbsp;<\/p>\n\n\n\n<p><strong>1. <\/strong>Selecione os campos para definir a estrutura da nomenclatura<\/p>\n\n\n\n<p><em>Obs: essa lista parte de uma <a href=\"http:\/\/www.asbea.org.br\/userfiles\/manuais\/7e942be1be1f79072a2cffe3f27a270a.pdf\">diretriz da ASBEA<\/a>.&nbsp;<\/em><\/p>\n\n\n\n<p>O campo da revis\u00e3o \u00e9 o mais importante, pois \u00e9 ele que vai fazer o controle de vers\u00f5es da maleta.<\/p>\n\n\n\n<p><strong>2.<\/strong> Com a nomenclatura definida, o pr\u00f3ximo passo \u00e9 a escolha o servi\u00e7o de armazenamento. Conecte com sua obra e pe\u00e7a para os projetistas postarem os arquivos. Eles ter\u00e3o que seguir a nomenclatura definida para fazer o upload na Maleta.<\/p>","protected":false},"excerpt":{"rendered":"<p>Ao acessar pela primeira vez a obra e ativar o plano premium, voc\u00ea ir\u00e1 cadastrar sua primeira obra.&nbsp; No cadastro da primeira obra, voc\u00ea inclui os dados (Cadastro; Disciplinas; Usu\u00e1rios; Permiss\u00f5es) e, finalmente a nomenclatura!&nbsp; Aqui voc\u00ea ir\u00e1 definir o padr\u00e3o de nomenclatura da sua construtora, que dever\u00e1 ser seguido pelos projetistas e todos os [&hellip;]<\/p>","protected":false},"author":4,"featured_media":1350,"comment_status":"open","ping_status":"open","sticky":false,"template":"","format":"standard","meta":{"footnotes":""},"categories":[63,62],"tags":[],"class_list":["post-1364","post","type-post","status-publish","format-standard","has-post-thumbnail","hentry","category-funcionalidades-da-coordly","category-gestao-de-documentos"],"yoast_head":"<!-- This site is optimized with the Yoast SEO plugin v26.9 - https:\/\/yoast.com\/product\/yoast-seo-wordpress\/ -->\n<title>Como definir o padr\u00e3o de nomenclatura dos Arquivos da Obra? - Coordly<\/title>\n<meta name=\"robots\" content=\"index, follow, max-snippet:-1, max-image-preview:large, max-video-preview:-1\" \/>\n<link rel=\"canonical\" href=\"https:\/\/coordly.co\/en\/blog\/como-definir-o-padrao-de-nomenclatura-dos-arquivos-da-obra\/\" \/>\n<meta property=\"og:locale\" content=\"en_US\" \/>\n<meta property=\"og:type\" content=\"article\" \/>\n<meta property=\"og:title\" content=\"Como definir o padr\u00e3o de nomenclatura dos Arquivos da Obra? - Coordly\" \/>\n<meta property=\"og:description\" content=\"Ao acessar pela primeira vez a obra e ativar o plano premium, voc\u00ea ir\u00e1 cadastrar sua primeira obra.&nbsp; No cadastro da primeira obra, voc\u00ea inclui os dados (Cadastro; Disciplinas; Usu\u00e1rios; Permiss\u00f5es) e, finalmente a nomenclatura!&nbsp; Aqui voc\u00ea ir\u00e1 definir o padr\u00e3o de nomenclatura da sua construtora, que dever\u00e1 ser seguido pelos projetistas e todos os [&hellip;]\" \/>\n<meta property=\"og:url\" content=\"https:\/\/coordly.co\/en\/blog\/como-definir-o-padrao-de-nomenclatura-dos-arquivos-da-obra\/\" \/>\n<meta property=\"og:site_name\" content=\"Coordly\" \/>\n<meta property=\"article:published_time\" content=\"2020-12-08T23:17:27+00:00\" \/>\n<meta property=\"article:modified_time\" content=\"2025-04-09T20:28:37+00:00\" \/>\n<meta property=\"og:image\" content=\"https:\/\/coordly.co\/wp-content\/uploads\/2020\/12\/Prancheta-6.png\" \/>\n\t<meta property=\"og:image:width\" content=\"1800\" \/>\n\t<meta property=\"og:image:height\" content=\"1200\" \/>\n\t<meta property=\"og:image:type\" content=\"image\/png\" \/>\n<meta name=\"author\" content=\"Willian\" \/>\n<meta name=\"twitter:card\" content=\"summary_large_image\" \/>\n<meta name=\"twitter:label1\" content=\"Written by\" \/>\n\t<meta name=\"twitter:data1\" content=\"Willian\" \/>\n\t<meta name=\"twitter:label2\" content=\"Est. reading time\" \/>\n\t<meta name=\"twitter:data2\" content=\"1 minute\" \/>\n<script type=\"application\/ld+json\" class=\"yoast-schema-graph\">{\"@context\":\"https:\/\/schema.org\",\"@graph\":[{\"@type\":\"Article\",\"@id\":\"https:\/\/coordly.co\/blog\/como-definir-o-padrao-de-nomenclatura-dos-arquivos-da-obra\/#article\",\"isPartOf\":{\"@id\":\"https:\/\/coordly.co\/blog\/como-definir-o-padrao-de-nomenclatura-dos-arquivos-da-obra\/\"},\"author\":{\"name\":\"Willian\",\"@id\":\"https:\/\/coordly.co\/#\/schema\/person\/a0d399b692836a2ad128f68b8607fa58\"},\"headline\":\"Como definir o padr\u00e3o de nomenclatura dos Arquivos da Obra?\",\"datePublished\":\"2020-12-08T23:17:27+00:00\",\"dateModified\":\"2025-04-09T20:28:37+00:00\",\"mainEntityOfPage\":{\"@id\":\"https:\/\/coordly.co\/blog\/como-definir-o-padrao-de-nomenclatura-dos-arquivos-da-obra\/\"},\"wordCount\":158,\"commentCount\":0,\"publisher\":{\"@id\":\"https:\/\/coordly.co\/#organization\"},\"image\":{\"@id\":\"https:\/\/coordly.co\/blog\/como-definir-o-padrao-de-nomenclatura-dos-arquivos-da-obra\/#primaryimage\"},\"thumbnailUrl\":\"https:\/\/coordly.co\/wp-content\/uploads\/2020\/12\/Prancheta-6.png\",\"articleSection\":[\"Funcionalidades da Coordly\",\"Gest\u00e3o de Documentos\"],\"inLanguage\":\"en-US\",\"potentialAction\":[{\"@type\":\"CommentAction\",\"name\":\"Comment\",\"target\":[\"https:\/\/coordly.co\/blog\/como-definir-o-padrao-de-nomenclatura-dos-arquivos-da-obra\/#respond\"]}]},{\"@type\":\"WebPage\",\"@id\":\"https:\/\/coordly.co\/blog\/como-definir-o-padrao-de-nomenclatura-dos-arquivos-da-obra\/\",\"url\":\"https:\/\/coordly.co\/blog\/como-definir-o-padrao-de-nomenclatura-dos-arquivos-da-obra\/\",\"name\":\"Como definir o padr\u00e3o de nomenclatura dos Arquivos da Obra? - Coordly\",\"isPartOf\":{\"@id\":\"https:\/\/coordly.co\/#website\"},\"primaryImageOfPage\":{\"@id\":\"https:\/\/coordly.co\/blog\/como-definir-o-padrao-de-nomenclatura-dos-arquivos-da-obra\/#primaryimage\"},\"image\":{\"@id\":\"https:\/\/coordly.co\/blog\/como-definir-o-padrao-de-nomenclatura-dos-arquivos-da-obra\/#primaryimage\"},\"thumbnailUrl\":\"https:\/\/coordly.co\/wp-content\/uploads\/2020\/12\/Prancheta-6.png\",\"datePublished\":\"2020-12-08T23:17:27+00:00\",\"dateModified\":\"2025-04-09T20:28:37+00:00\",\"inLanguage\":\"en-US\",\"potentialAction\":[{\"@type\":\"ReadAction\",\"target\":[\"https:\/\/coordly.co\/blog\/como-definir-o-padrao-de-nomenclatura-dos-arquivos-da-obra\/\"]}]},{\"@type\":\"ImageObject\",\"inLanguage\":\"en-US\",\"@id\":\"https:\/\/coordly.co\/blog\/como-definir-o-padrao-de-nomenclatura-dos-arquivos-da-obra\/#primaryimage\",\"url\":\"https:\/\/coordly.co\/wp-content\/uploads\/2020\/12\/Prancheta-6.png\",\"contentUrl\":\"https:\/\/coordly.co\/wp-content\/uploads\/2020\/12\/Prancheta-6.png\",\"width\":1800,\"height\":1200},{\"@type\":\"WebSite\",\"@id\":\"https:\/\/coordly.co\/#website\",\"url\":\"https:\/\/coordly.co\/\",\"name\":\"Coordly - Build it Better\",\"description\":\"Build it Better\",\"publisher\":{\"@id\":\"https:\/\/coordly.co\/#organization\"},\"alternateName\":\"Coordly\",\"potentialAction\":[{\"@type\":\"SearchAction\",\"target\":{\"@type\":\"EntryPoint\",\"urlTemplate\":\"https:\/\/coordly.co\/?s={search_term_string}\"},\"query-input\":{\"@type\":\"PropertyValueSpecification\",\"valueRequired\":true,\"valueName\":\"search_term_string\"}}],\"inLanguage\":\"en-US\"},{\"@type\":\"Organization\",\"@id\":\"https:\/\/coordly.co\/#organization\",\"name\":\"Coordly - Build it Better\",\"alternateName\":\"Coordly\",\"url\":\"https:\/\/coordly.co\/\",\"logo\":{\"@type\":\"ImageObject\",\"inLanguage\":\"en-US\",\"@id\":\"https:\/\/coordly.co\/#\/schema\/logo\/image\/\",\"url\":\"https:\/\/coordly.co\/wp-content\/uploads\/2024\/11\/Reducao-256px.png\",\"contentUrl\":\"https:\/\/coordly.co\/wp-content\/uploads\/2024\/11\/Reducao-256px.png\",\"width\":256,\"height\":256,\"caption\":\"Coordly - Build it Better\"},\"image\":{\"@id\":\"https:\/\/coordly.co\/#\/schema\/logo\/image\/\"}},{\"@type\":\"Person\",\"@id\":\"https:\/\/coordly.co\/#\/schema\/person\/a0d399b692836a2ad128f68b8607fa58\",\"name\":\"Willian\"}]}<\/script>\n<!-- \/ Yoast SEO plugin. -->","yoast_head_json":{"title":"Como definir o padr\u00e3o de nomenclatura dos Arquivos da Obra? - Coordly","robots":{"index":"index","follow":"follow","max-snippet":"max-snippet:-1","max-image-preview":"max-image-preview:large","max-video-preview":"max-video-preview:-1"},"canonical":"https:\/\/coordly.co\/en\/blog\/como-definir-o-padrao-de-nomenclatura-dos-arquivos-da-obra\/","og_locale":"en_US","og_type":"article","og_title":"Como definir o padr\u00e3o de nomenclatura dos Arquivos da Obra? - Coordly","og_description":"Ao acessar pela primeira vez a obra e ativar o plano premium, voc\u00ea ir\u00e1 cadastrar sua primeira obra.&nbsp; No cadastro da primeira obra, voc\u00ea inclui os dados (Cadastro; Disciplinas; Usu\u00e1rios; Permiss\u00f5es) e, finalmente a nomenclatura!&nbsp; Aqui voc\u00ea ir\u00e1 definir o padr\u00e3o de nomenclatura da sua construtora, que dever\u00e1 ser seguido pelos projetistas e todos os [&hellip;]","og_url":"https:\/\/coordly.co\/en\/blog\/como-definir-o-padrao-de-nomenclatura-dos-arquivos-da-obra\/","og_site_name":"Coordly","article_published_time":"2020-12-08T23:17:27+00:00","article_modified_time":"2025-04-09T20:28:37+00:00","og_image":[{"width":1800,"height":1200,"url":"https:\/\/coordly.co\/wp-content\/uploads\/2020\/12\/Prancheta-6.png","type":"image\/png"}],"author":"Willian","twitter_card":"summary_large_image","twitter_misc":{"Written by":"Willian","Est. reading time":"1 minute"},"schema":{"@context":"https:\/\/schema.org","@graph":[{"@type":"Article","@id":"https:\/\/coordly.co\/blog\/como-definir-o-padrao-de-nomenclatura-dos-arquivos-da-obra\/#article","isPartOf":{"@id":"https:\/\/coordly.co\/blog\/como-definir-o-padrao-de-nomenclatura-dos-arquivos-da-obra\/"},"author":{"name":"Willian","@id":"https:\/\/coordly.co\/#\/schema\/person\/a0d399b692836a2ad128f68b8607fa58"},"headline":"Como definir o padr\u00e3o de nomenclatura dos Arquivos da Obra?","datePublished":"2020-12-08T23:17:27+00:00","dateModified":"2025-04-09T20:28:37+00:00","mainEntityOfPage":{"@id":"https:\/\/coordly.co\/blog\/como-definir-o-padrao-de-nomenclatura-dos-arquivos-da-obra\/"},"wordCount":158,"commentCount":0,"publisher":{"@id":"https:\/\/coordly.co\/#organization"},"image":{"@id":"https:\/\/coordly.co\/blog\/como-definir-o-padrao-de-nomenclatura-dos-arquivos-da-obra\/#primaryimage"},"thumbnailUrl":"https:\/\/coordly.co\/wp-content\/uploads\/2020\/12\/Prancheta-6.png","articleSection":["Funcionalidades da Coordly","Gest\u00e3o de Documentos"],"inLanguage":"en-US","potentialAction":[{"@type":"CommentAction","name":"Comment","target":["https:\/\/coordly.co\/blog\/como-definir-o-padrao-de-nomenclatura-dos-arquivos-da-obra\/#respond"]}]},{"@type":"WebPage","@id":"https:\/\/coordly.co\/blog\/como-definir-o-padrao-de-nomenclatura-dos-arquivos-da-obra\/","url":"https:\/\/coordly.co\/blog\/como-definir-o-padrao-de-nomenclatura-dos-arquivos-da-obra\/","name":"Como definir o padr\u00e3o de nomenclatura dos Arquivos da Obra? - Coordly","isPartOf":{"@id":"https:\/\/coordly.co\/#website"},"primaryImageOfPage":{"@id":"https:\/\/coordly.co\/blog\/como-definir-o-padrao-de-nomenclatura-dos-arquivos-da-obra\/#primaryimage"},"image":{"@id":"https:\/\/coordly.co\/blog\/como-definir-o-padrao-de-nomenclatura-dos-arquivos-da-obra\/#primaryimage"},"thumbnailUrl":"https:\/\/coordly.co\/wp-content\/uploads\/2020\/12\/Prancheta-6.png","datePublished":"2020-12-08T23:17:27+00:00","dateModified":"2025-04-09T20:28:37+00:00","inLanguage":"en-US","potentialAction":[{"@type":"ReadAction","target":["https:\/\/coordly.co\/blog\/como-definir-o-padrao-de-nomenclatura-dos-arquivos-da-obra\/"]}]},{"@type":"ImageObject","inLanguage":"en-US","@id":"https:\/\/coordly.co\/blog\/como-definir-o-padrao-de-nomenclatura-dos-arquivos-da-obra\/#primaryimage","url":"https:\/\/coordly.co\/wp-content\/uploads\/2020\/12\/Prancheta-6.png","contentUrl":"https:\/\/coordly.co\/wp-content\/uploads\/2020\/12\/Prancheta-6.png","width":1800,"height":1200},{"@type":"WebSite","@id":"https:\/\/coordly.co\/#website","url":"https:\/\/coordly.co\/","name":"Coordly - Build it Better","description":"Build it Better","publisher":{"@id":"https:\/\/coordly.co\/#organization"},"alternateName":"Coordly","potentialAction":[{"@type":"SearchAction","target":{"@type":"EntryPoint","urlTemplate":"https:\/\/coordly.co\/?s={search_term_string}"},"query-input":{"@type":"PropertyValueSpecification","valueRequired":true,"valueName":"search_term_string"}}],"inLanguage":"en-US"},{"@type":"Organization","@id":"https:\/\/coordly.co\/#organization","name":"Coordly - Build it Better","alternateName":"Coordly","url":"https:\/\/coordly.co\/","logo":{"@type":"ImageObject","inLanguage":"en-US","@id":"https:\/\/coordly.co\/#\/schema\/logo\/image\/","url":"https:\/\/coordly.co\/wp-content\/uploads\/2024\/11\/Reducao-256px.png","contentUrl":"https:\/\/coordly.co\/wp-content\/uploads\/2024\/11\/Reducao-256px.png","width":256,"height":256,"caption":"Coordly - Build it Better"},"image":{"@id":"https:\/\/coordly.co\/#\/schema\/logo\/image\/"}},{"@type":"Person","@id":"https:\/\/coordly.co\/#\/schema\/person\/a0d399b692836a2ad128f68b8607fa58","name":"Willian"}]}},"_links":{"self":[{"href":"https:\/\/coordly.co\/en\/wp-json\/wp\/v2\/posts\/1364","targetHints":{"allow":["GET"]}}],"collection":[{"href":"https:\/\/coordly.co\/en\/wp-json\/wp\/v2\/posts"}],"about":[{"href":"https:\/\/coordly.co\/en\/wp-json\/wp\/v2\/types\/post"}],"author":[{"embeddable":true,"href":"https:\/\/coordly.co\/en\/wp-json\/wp\/v2\/users\/4"}],"replies":[{"embeddable":true,"href":"https:\/\/coordly.co\/en\/wp-json\/wp\/v2\/comments?post=1364"}],"version-history":[{"count":1,"href":"https:\/\/coordly.co\/en\/wp-json\/wp\/v2\/posts\/1364\/revisions"}],"predecessor-version":[{"id":1997,"href":"https:\/\/coordly.co\/en\/wp-json\/wp\/v2\/posts\/1364\/revisions\/1997"}],"wp:featuredmedia":[{"embeddable":true,"href":"https:\/\/coordly.co\/en\/wp-json\/wp\/v2\/media\/1350"}],"wp:attachment":[{"href":"https:\/\/coordly.co\/en\/wp-json\/wp\/v2\/media?parent=1364"}],"wp:term":[{"taxonomy":"category","embeddable":true,"href":"https:\/\/coordly.co\/en\/wp-json\/wp\/v2\/categories?post=1364"},{"taxonomy":"post_tag","embeddable":true,"href":"https:\/\/coordly.co\/en\/wp-json\/wp\/v2\/tags?post=1364"}],"curies":[{"name":"wp","href":"https:\/\/api.w.org\/{rel}","templated":true}]}}