{"id":1422,"date":"2021-02-19T11:05:01","date_gmt":"2021-02-19T14:05:01","guid":{"rendered":"http:\/\/localhost:8888\/maleta-do-engenheiro\/?p=1422"},"modified":"2025-04-09T17:24:31","modified_gmt":"2025-04-09T20:24:31","slug":"o-bim-no-brasil-e-as-novas-legislacoes","status":"publish","type":"post","link":"https:\/\/coordly.co\/en\/blog\/o-bim-no-brasil-e-as-novas-legislacoes\/","title":{"rendered":"O BIM no Brasil e as novas legisla\u00e7\u00f5es"},"content":{"rendered":"<p>A implanta\u00e7\u00e3o do BIM no Brasil deve ter um f\u00f4lego em 2021, com as leis para expandir acesso e uso. O uso da metodologia BIM \u00e9 essencial para um pa\u00eds que visa expandir seu mercado de constru\u00e7\u00e3o, trazendo seguran\u00e7a, previsibilidade e economia nos processos requeridos.&nbsp;<\/p>\n\n\n\n<p>O BIM&nbsp; reduz erros de compatibilidade e eleva o n\u00edvel de produ\u00e7\u00e3o, j\u00e1 que todas as partes do processo est\u00e3o interligadas e dispon\u00edveis em tempo real para todos os membros da equipe.<\/p>\n\n\n\n<p>Dentro dessa din\u00e2mica, o Brasil ainda est\u00e1 engatinhando. Contudo, existem v\u00e1rias iniciativas e legisla\u00e7\u00f5es que pretendem ajudar na difus\u00e3o da metodologia por terras brasileiras, incentivando seu uso e mostrando seus benef\u00edcios.<\/p>\n\n\n\n<p>Segundo um estudo da Funda\u00e7\u00e3o Get\u00falio Vargas, a produtividade do Brasil, em constru\u00e7\u00e3o civil, \u00e9 quatro vezes menor que a de pa\u00edses como Estados Unidos, China, R\u00fassia e os da Uni\u00e3o Europeia.<\/p>\n\n\n\n<p>O mesmo estudo diz que, com a implanta\u00e7\u00e3o da metodologia BIM, por pelo menos metade das empresas, reduziria essa diferen\u00e7a em 7%.<\/p>\n\n\n\n<p><em>Aqui na Maleta do Engenheiro voc\u00ea pode ter acesso a essa metodologia, de maneira f\u00e1cil e intuitiva.<\/em><a href=\"https:\/\/bim.maletadoengenheiro.com.br\/conheca-o-maleta\"><em> Cadastre-se gratuitamente<\/em><\/a><em> e confira nosso ambiente virtual ou agende uma visita guiada sem custo para ver todos os nossos servi\u00e7os.<\/em><\/p>\n\n\n\n<h2 class=\"wp-block-heading\">O BIM no Brasil<\/h2>\n\n\n\n<p>O BIM chegou por aqui em meados de 2000, seguindo uma tend\u00eancia que j\u00e1 era explorada no Reino Unido, Estados Unidos, Holanda e Finl\u00e2ndia. Inclusive, nestes pa\u00edses, nenhum projeto pode ser submetido a avalia\u00e7\u00e3o de viabilidade pelos \u00f3rg\u00e3os competentes se n\u00e3o estiverem dentro da metodologia BIM.<\/p>\n\n\n\n<p>Entretanto, por aqui, as a\u00e7\u00f5es eram desorganizadas, faltando um sistematiza\u00e7\u00e3o de uso.<\/p>\n\n\n\n<p>Em 2016, foi assinado um acordo entre o Minist\u00e9rio da Ind\u00fastria, Com\u00e9rcio Exterior e Servi\u00e7os e o pelo Ministro Liam Fox, do Reino Unido. Esse acordo formalizou a iniciativa de disseminar o BIM no Brasil de maneira coordenada.<\/p>\n\n\n\n<p>Esse foi o in\u00edcio das legisla\u00e7\u00f5es que regulamentaram e criaram um calend\u00e1rio de implanta\u00e7\u00e3o, que marca a propaga\u00e7\u00e3o do BIM de forma mais madura e coesa.<\/p>\n\n\n\n<p>Nas a\u00e7\u00f5es, Santa Catarina tomou a dianteira e garantiu que, a partir de 2019, todas as licita\u00e7\u00f5es de obras p\u00fablicas fossem feitas com a metodologia BIM.<\/p>\n\n\n\n<h2 class=\"wp-block-heading\">Cria\u00e7\u00e3o da Frente Parlamentar<\/h2>\n\n\n\n<p>Em 2015, uma a\u00e7\u00e3o conjunta de v\u00e1rios setores da constru\u00e7\u00e3o civil culminou na cria\u00e7\u00e3o da Frente Parlamentar em Defesa do Sistema de Modelagem da Informa\u00e7\u00e3o da Constru\u00e7\u00e3o, conhecida por Frente Parlamentar do BIM (FPBIM).&nbsp;<\/p>\n\n\n\n<p>Essa iniciativa foi iniciada com o Dep. Julio Lopes e contou com o apoio de\u00a0 200 deputados federais, tendo o Deputado Federal Hildo Rocha (MDB\/MA) sido eleito como presidente.<\/p>\n\n\n\n<p>A Frente Parlamentar visa difundir e normatizar o uso da metodologia BIM no Brasil, determinando prazos de implanta\u00e7\u00e3o e a\u00e7\u00f5es que beneficiem essa expans\u00e3o.<\/p>\n\n\n\n<p>Dentre as a\u00e7\u00f5es da Frente Parlamentar, podemos citar:<\/p>\n\n\n\n<ul class=\"wp-block-list\"><li>Incentivo \u00e0s institui\u00e7\u00f5es que queiram ajudar a desenvolver a metodologia BIM no pa\u00eds, inclusive, dando incentivos p\u00fablicos.<\/li><li>Promover interc\u00e2mbio entre institui\u00e7\u00f5es e parlamentos estrangeiros que possam contribuir para o uso em escala do BIM.<\/li><li>Estimular debates, simp\u00f3sios e eventos que fomentem o uso e pesquisa da modelagem BIM.<\/li><\/ul>\n\n\n\n<h2 class=\"wp-block-heading\">Decreto N\u00ba 9.983 &#8211; Estrat\u00e9gia BIM BR<\/h2>\n\n\n\n<p>Ainda em 2018, o Governo publicou um Decreto, posteriormente reeditado pelo Decreto N\u00ba 9.983, de 22 de agosto de 2019, que estimulava ainda mais a ades\u00e3o de empresas do setor de constru\u00e7\u00e3o civil \u00e0 modelagem BIM.<\/p>\n\n\n\n<p>A inten\u00e7\u00e3o \u00e9 conseguir aumentar a produtividade, criando ambientes seguros e mais sustent\u00e1veis.<\/p>\n\n\n\n<p>Tamb\u00e9m \u00e9 objetivo do governo deixar as licita\u00e7\u00f5es mais transparentes, al\u00e9m de reduzir a necessidade de aditivos contratuais de altera\u00e7\u00e3o do projeto, de eleva\u00e7\u00e3o de valor e de prorroga\u00e7\u00e3o de prazo de conclus\u00e3o e de entrega da obra.<\/p>\n\n\n\n<p>Ao todo s\u00e3o 9 objetivos diretos da Estrat\u00e9gia BIM BR:<\/p>\n\n\n\n<ol class=\"wp-block-list\"><li>Difundir o BIM e seus benef\u00edcios;<\/li><li>Coordenar a estrutura\u00e7\u00e3o do setor p\u00fablico para a ado\u00e7\u00e3o do BIM;<\/li><li>Criar condi\u00e7\u00f5es favor\u00e1veis para o investimento, p\u00fablico e privado, em BIM;<\/li><li>Estimular capacita\u00e7\u00e3o em BIM;<\/li><li>Criar atos normativos para estabelecer par\u00e2metros de compras e contrata\u00e7\u00f5es p\u00fablicas com uso do BIM;<\/li><li>Estimular normas t\u00e9cnicas, guias e protocolos espec\u00edficos para a ado\u00e7\u00e3o do BIM;<\/li><li>Desenvolver a Plataforma e a Biblioteca Nacional BIM;<\/li><li>Estimular o desenvolvimento e a aplica\u00e7\u00e3o de novas tecnologias relacionadas ao BIM;<\/li><li>Incentivar a concorr\u00eancia no mercado por meio de padr\u00f5es neutros.<\/li><\/ol>\n\n\n\n<h2 class=\"wp-block-heading\">&nbsp;Cronograma do BIM no Brasil<\/h2>\n\n\n\n<p>A primeira fase iniciou-se em janeiro de 2021, focando no uso de BIM em projetos de arquitetura e de engenharia. Ela contempla constru\u00e7\u00f5es novas, amplia\u00e7\u00f5es e reabilita\u00e7\u00f5es. Tamb\u00e9m deve focar em disciplinas de estrutura, hidr\u00e1ulica, el\u00e9trica e AVAC (aquecimento, ventila\u00e7\u00e3o e ar-condicionado).<\/p>\n\n\n\n<p>A segunda fase iniciar\u00e1 a partir de 2024. Nesta, ser\u00e1 inclu\u00edda a modelagem BIM em execu\u00e7\u00e3o direta ou indireta, al\u00e9m das citadas na fase anterior, na or\u00e7amenta\u00e7\u00e3o e planejamento. Obras novas e atualiza\u00e7\u00f5es dever\u00e3o seguir o modelo.&nbsp;<\/p>\n\n\n\n<p>A terceira fase iniciar\u00e1 a partir de janeiro de 2028, nela, entrar\u00e1 o gerenciamento e manuten\u00e7\u00e3o de empreendimentos ap\u00f3s finalizada a constru\u00e7\u00e3o. Contando que a modelagem BIM tenha sido utilizada em sua concep\u00e7\u00e3o e desenvolvimento.<\/p>\n\n\n\n<p>Embora ainda defasado, o Brasil est\u00e1 agindo para equiparar suas normas a de outros pa\u00edses, integrando a metodologia BIM em suas constru\u00e7\u00f5es. Modernizando, garantimos mais agilidade, e previsibilidade. Sem desperd\u00edcios de tempo e recursos.<\/p>\n\n\n\n<p>Conhe\u00e7a melhor as funcionalidades que a Maleta do Engenheiro tem para voc\u00ea. <a href=\"https:\/\/bim.maletadoengenheiro.com.br\/conheca-o-maleta\">Cadastre-se gratuitamente<\/a> para conferir nosso ambiente virtual ou agende uma visita guiada sem custo para ver todos os nossos servi\u00e7os. <\/p>","protected":false},"excerpt":{"rendered":"<p>A implanta\u00e7\u00e3o do BIM no Brasil deve ter um f\u00f4lego em 2021, com as leis para expandir acesso e uso. O uso da metodologia BIM \u00e9 essencial para um pa\u00eds que visa expandir seu mercado de constru\u00e7\u00e3o, trazendo seguran\u00e7a, previsibilidade e economia nos processos requeridos.&nbsp; O BIM&nbsp; reduz erros de compatibilidade e eleva o n\u00edvel [&hellip;]<\/p>","protected":false},"author":4,"featured_media":1423,"comment_status":"open","ping_status":"open","sticky":false,"template":"","format":"standard","meta":{"footnotes":""},"categories":[61,65,66],"tags":[],"class_list":["post-1422","post","type-post","status-publish","format-standard","has-post-thumbnail","hentry","category-bim-na-pratica","category-cultura-da-construcao","category-normas-e-conformidade"],"yoast_head":"<!-- This site is optimized with the Yoast SEO plugin v26.9 - https:\/\/yoast.com\/product\/yoast-seo-wordpress\/ -->\n<title>O BIM no Brasil e as novas legisla\u00e7\u00f5es - Coordly<\/title>\n<meta name=\"description\" content=\"A implanta\u00e7\u00e3o do BIM no Brasil deve ter um f\u00f4lego em 2021, com as leis para expandir acesso e uso. Veja aqui como ser\u00e1 feita.\" \/>\n<meta name=\"robots\" content=\"index, follow, max-snippet:-1, max-image-preview:large, max-video-preview:-1\" \/>\n<link rel=\"canonical\" href=\"https:\/\/coordly.co\/en\/blog\/o-bim-no-brasil-e-as-novas-legislacoes\/\" \/>\n<meta property=\"og:locale\" content=\"en_US\" \/>\n<meta property=\"og:type\" content=\"article\" \/>\n<meta property=\"og:title\" content=\"O BIM no Brasil e as novas legisla\u00e7\u00f5es - Coordly\" \/>\n<meta property=\"og:description\" content=\"A implanta\u00e7\u00e3o do BIM no Brasil deve ter um f\u00f4lego em 2021, com as leis para expandir acesso e uso. Veja aqui como ser\u00e1 feita.\" \/>\n<meta property=\"og:url\" content=\"https:\/\/coordly.co\/en\/blog\/o-bim-no-brasil-e-as-novas-legislacoes\/\" \/>\n<meta property=\"og:site_name\" content=\"Coordly\" \/>\n<meta property=\"article:published_time\" content=\"2021-02-19T14:05:01+00:00\" \/>\n<meta property=\"article:modified_time\" content=\"2025-04-09T20:24:31+00:00\" \/>\n<meta property=\"og:image\" content=\"https:\/\/coordly.co\/wp-content\/uploads\/2021\/02\/BIM-no-Brasil.jpg\" \/>\n\t<meta property=\"og:image:width\" content=\"2048\" \/>\n\t<meta property=\"og:image:height\" content=\"1367\" \/>\n\t<meta property=\"og:image:type\" content=\"image\/jpeg\" \/>\n<meta name=\"author\" content=\"Willian\" \/>\n<meta name=\"twitter:card\" content=\"summary_large_image\" \/>\n<meta name=\"twitter:label1\" content=\"Written by\" \/>\n\t<meta name=\"twitter:data1\" content=\"Willian\" \/>\n\t<meta name=\"twitter:label2\" content=\"Est. reading time\" \/>\n\t<meta name=\"twitter:data2\" content=\"5 minutes\" \/>\n<script type=\"application\/ld+json\" class=\"yoast-schema-graph\">{\"@context\":\"https:\/\/schema.org\",\"@graph\":[{\"@type\":\"Article\",\"@id\":\"https:\/\/coordly.co\/blog\/o-bim-no-brasil-e-as-novas-legislacoes\/#article\",\"isPartOf\":{\"@id\":\"https:\/\/coordly.co\/blog\/o-bim-no-brasil-e-as-novas-legislacoes\/\"},\"author\":{\"name\":\"Willian\",\"@id\":\"https:\/\/coordly.co\/#\/schema\/person\/a0d399b692836a2ad128f68b8607fa58\"},\"headline\":\"O BIM no Brasil e as novas legisla\u00e7\u00f5es\",\"datePublished\":\"2021-02-19T14:05:01+00:00\",\"dateModified\":\"2025-04-09T20:24:31+00:00\",\"mainEntityOfPage\":{\"@id\":\"https:\/\/coordly.co\/blog\/o-bim-no-brasil-e-as-novas-legislacoes\/\"},\"wordCount\":985,\"commentCount\":0,\"publisher\":{\"@id\":\"https:\/\/coordly.co\/#organization\"},\"image\":{\"@id\":\"https:\/\/coordly.co\/blog\/o-bim-no-brasil-e-as-novas-legislacoes\/#primaryimage\"},\"thumbnailUrl\":\"https:\/\/coordly.co\/wp-content\/uploads\/2021\/02\/BIM-no-Brasil.jpg\",\"articleSection\":[\"BIM na Pr\u00e1tica\",\"Cultura da Constru\u00e7\u00e3o\",\"Normas e Conformidade\"],\"inLanguage\":\"en-US\",\"potentialAction\":[{\"@type\":\"CommentAction\",\"name\":\"Comment\",\"target\":[\"https:\/\/coordly.co\/blog\/o-bim-no-brasil-e-as-novas-legislacoes\/#respond\"]}]},{\"@type\":\"WebPage\",\"@id\":\"https:\/\/coordly.co\/blog\/o-bim-no-brasil-e-as-novas-legislacoes\/\",\"url\":\"https:\/\/coordly.co\/blog\/o-bim-no-brasil-e-as-novas-legislacoes\/\",\"name\":\"O BIM no Brasil e as novas legisla\u00e7\u00f5es - Coordly\",\"isPartOf\":{\"@id\":\"https:\/\/coordly.co\/#website\"},\"primaryImageOfPage\":{\"@id\":\"https:\/\/coordly.co\/blog\/o-bim-no-brasil-e-as-novas-legislacoes\/#primaryimage\"},\"image\":{\"@id\":\"https:\/\/coordly.co\/blog\/o-bim-no-brasil-e-as-novas-legislacoes\/#primaryimage\"},\"thumbnailUrl\":\"https:\/\/coordly.co\/wp-content\/uploads\/2021\/02\/BIM-no-Brasil.jpg\",\"datePublished\":\"2021-02-19T14:05:01+00:00\",\"dateModified\":\"2025-04-09T20:24:31+00:00\",\"description\":\"A implanta\u00e7\u00e3o do BIM no Brasil deve ter um f\u00f4lego em 2021, com as leis para expandir acesso e uso. Veja aqui como ser\u00e1 feita.\",\"inLanguage\":\"en-US\",\"potentialAction\":[{\"@type\":\"ReadAction\",\"target\":[\"https:\/\/coordly.co\/blog\/o-bim-no-brasil-e-as-novas-legislacoes\/\"]}]},{\"@type\":\"ImageObject\",\"inLanguage\":\"en-US\",\"@id\":\"https:\/\/coordly.co\/blog\/o-bim-no-brasil-e-as-novas-legislacoes\/#primaryimage\",\"url\":\"https:\/\/coordly.co\/wp-content\/uploads\/2021\/02\/BIM-no-Brasil.jpg\",\"contentUrl\":\"https:\/\/coordly.co\/wp-content\/uploads\/2021\/02\/BIM-no-Brasil.jpg\",\"width\":2048,\"height\":1367,\"caption\":\"BIM no Brasil\"},{\"@type\":\"WebSite\",\"@id\":\"https:\/\/coordly.co\/#website\",\"url\":\"https:\/\/coordly.co\/\",\"name\":\"Coordly - Build it Better\",\"description\":\"Build it Better\",\"publisher\":{\"@id\":\"https:\/\/coordly.co\/#organization\"},\"alternateName\":\"Coordly\",\"potentialAction\":[{\"@type\":\"SearchAction\",\"target\":{\"@type\":\"EntryPoint\",\"urlTemplate\":\"https:\/\/coordly.co\/?s={search_term_string}\"},\"query-input\":{\"@type\":\"PropertyValueSpecification\",\"valueRequired\":true,\"valueName\":\"search_term_string\"}}],\"inLanguage\":\"en-US\"},{\"@type\":\"Organization\",\"@id\":\"https:\/\/coordly.co\/#organization\",\"name\":\"Coordly - Build it Better\",\"alternateName\":\"Coordly\",\"url\":\"https:\/\/coordly.co\/\",\"logo\":{\"@type\":\"ImageObject\",\"inLanguage\":\"en-US\",\"@id\":\"https:\/\/coordly.co\/#\/schema\/logo\/image\/\",\"url\":\"https:\/\/coordly.co\/wp-content\/uploads\/2024\/11\/Reducao-256px.png\",\"contentUrl\":\"https:\/\/coordly.co\/wp-content\/uploads\/2024\/11\/Reducao-256px.png\",\"width\":256,\"height\":256,\"caption\":\"Coordly - Build it Better\"},\"image\":{\"@id\":\"https:\/\/coordly.co\/#\/schema\/logo\/image\/\"}},{\"@type\":\"Person\",\"@id\":\"https:\/\/coordly.co\/#\/schema\/person\/a0d399b692836a2ad128f68b8607fa58\",\"name\":\"Willian\"}]}<\/script>\n<!-- \/ Yoast SEO plugin. -->","yoast_head_json":{"title":"O BIM no Brasil e as novas legisla\u00e7\u00f5es - Coordly","description":"A implanta\u00e7\u00e3o do BIM no Brasil deve ter um f\u00f4lego em 2021, com as leis para expandir acesso e uso. Veja aqui como ser\u00e1 feita.","robots":{"index":"index","follow":"follow","max-snippet":"max-snippet:-1","max-image-preview":"max-image-preview:large","max-video-preview":"max-video-preview:-1"},"canonical":"https:\/\/coordly.co\/en\/blog\/o-bim-no-brasil-e-as-novas-legislacoes\/","og_locale":"en_US","og_type":"article","og_title":"O BIM no Brasil e as novas legisla\u00e7\u00f5es - Coordly","og_description":"A implanta\u00e7\u00e3o do BIM no Brasil deve ter um f\u00f4lego em 2021, com as leis para expandir acesso e uso. Veja aqui como ser\u00e1 feita.","og_url":"https:\/\/coordly.co\/en\/blog\/o-bim-no-brasil-e-as-novas-legislacoes\/","og_site_name":"Coordly","article_published_time":"2021-02-19T14:05:01+00:00","article_modified_time":"2025-04-09T20:24:31+00:00","og_image":[{"width":2048,"height":1367,"url":"https:\/\/coordly.co\/wp-content\/uploads\/2021\/02\/BIM-no-Brasil.jpg","type":"image\/jpeg"}],"author":"Willian","twitter_card":"summary_large_image","twitter_misc":{"Written by":"Willian","Est. reading time":"5 minutes"},"schema":{"@context":"https:\/\/schema.org","@graph":[{"@type":"Article","@id":"https:\/\/coordly.co\/blog\/o-bim-no-brasil-e-as-novas-legislacoes\/#article","isPartOf":{"@id":"https:\/\/coordly.co\/blog\/o-bim-no-brasil-e-as-novas-legislacoes\/"},"author":{"name":"Willian","@id":"https:\/\/coordly.co\/#\/schema\/person\/a0d399b692836a2ad128f68b8607fa58"},"headline":"O BIM no Brasil e as novas legisla\u00e7\u00f5es","datePublished":"2021-02-19T14:05:01+00:00","dateModified":"2025-04-09T20:24:31+00:00","mainEntityOfPage":{"@id":"https:\/\/coordly.co\/blog\/o-bim-no-brasil-e-as-novas-legislacoes\/"},"wordCount":985,"commentCount":0,"publisher":{"@id":"https:\/\/coordly.co\/#organization"},"image":{"@id":"https:\/\/coordly.co\/blog\/o-bim-no-brasil-e-as-novas-legislacoes\/#primaryimage"},"thumbnailUrl":"https:\/\/coordly.co\/wp-content\/uploads\/2021\/02\/BIM-no-Brasil.jpg","articleSection":["BIM na Pr\u00e1tica","Cultura da Constru\u00e7\u00e3o","Normas e Conformidade"],"inLanguage":"en-US","potentialAction":[{"@type":"CommentAction","name":"Comment","target":["https:\/\/coordly.co\/blog\/o-bim-no-brasil-e-as-novas-legislacoes\/#respond"]}]},{"@type":"WebPage","@id":"https:\/\/coordly.co\/blog\/o-bim-no-brasil-e-as-novas-legislacoes\/","url":"https:\/\/coordly.co\/blog\/o-bim-no-brasil-e-as-novas-legislacoes\/","name":"O BIM no Brasil e as novas legisla\u00e7\u00f5es - Coordly","isPartOf":{"@id":"https:\/\/coordly.co\/#website"},"primaryImageOfPage":{"@id":"https:\/\/coordly.co\/blog\/o-bim-no-brasil-e-as-novas-legislacoes\/#primaryimage"},"image":{"@id":"https:\/\/coordly.co\/blog\/o-bim-no-brasil-e-as-novas-legislacoes\/#primaryimage"},"thumbnailUrl":"https:\/\/coordly.co\/wp-content\/uploads\/2021\/02\/BIM-no-Brasil.jpg","datePublished":"2021-02-19T14:05:01+00:00","dateModified":"2025-04-09T20:24:31+00:00","description":"A implanta\u00e7\u00e3o do BIM no Brasil deve ter um f\u00f4lego em 2021, com as leis para expandir acesso e uso. Veja aqui como ser\u00e1 feita.","inLanguage":"en-US","potentialAction":[{"@type":"ReadAction","target":["https:\/\/coordly.co\/blog\/o-bim-no-brasil-e-as-novas-legislacoes\/"]}]},{"@type":"ImageObject","inLanguage":"en-US","@id":"https:\/\/coordly.co\/blog\/o-bim-no-brasil-e-as-novas-legislacoes\/#primaryimage","url":"https:\/\/coordly.co\/wp-content\/uploads\/2021\/02\/BIM-no-Brasil.jpg","contentUrl":"https:\/\/coordly.co\/wp-content\/uploads\/2021\/02\/BIM-no-Brasil.jpg","width":2048,"height":1367,"caption":"BIM no Brasil"},{"@type":"WebSite","@id":"https:\/\/coordly.co\/#website","url":"https:\/\/coordly.co\/","name":"Coordly - Build it Better","description":"Build it Better","publisher":{"@id":"https:\/\/coordly.co\/#organization"},"alternateName":"Coordly","potentialAction":[{"@type":"SearchAction","target":{"@type":"EntryPoint","urlTemplate":"https:\/\/coordly.co\/?s={search_term_string}"},"query-input":{"@type":"PropertyValueSpecification","valueRequired":true,"valueName":"search_term_string"}}],"inLanguage":"en-US"},{"@type":"Organization","@id":"https:\/\/coordly.co\/#organization","name":"Coordly - Build it Better","alternateName":"Coordly","url":"https:\/\/coordly.co\/","logo":{"@type":"ImageObject","inLanguage":"en-US","@id":"https:\/\/coordly.co\/#\/schema\/logo\/image\/","url":"https:\/\/coordly.co\/wp-content\/uploads\/2024\/11\/Reducao-256px.png","contentUrl":"https:\/\/coordly.co\/wp-content\/uploads\/2024\/11\/Reducao-256px.png","width":256,"height":256,"caption":"Coordly - Build it Better"},"image":{"@id":"https:\/\/coordly.co\/#\/schema\/logo\/image\/"}},{"@type":"Person","@id":"https:\/\/coordly.co\/#\/schema\/person\/a0d399b692836a2ad128f68b8607fa58","name":"Willian"}]}},"_links":{"self":[{"href":"https:\/\/coordly.co\/en\/wp-json\/wp\/v2\/posts\/1422","targetHints":{"allow":["GET"]}}],"collection":[{"href":"https:\/\/coordly.co\/en\/wp-json\/wp\/v2\/posts"}],"about":[{"href":"https:\/\/coordly.co\/en\/wp-json\/wp\/v2\/types\/post"}],"author":[{"embeddable":true,"href":"https:\/\/coordly.co\/en\/wp-json\/wp\/v2\/users\/4"}],"replies":[{"embeddable":true,"href":"https:\/\/coordly.co\/en\/wp-json\/wp\/v2\/comments?post=1422"}],"version-history":[{"count":1,"href":"https:\/\/coordly.co\/en\/wp-json\/wp\/v2\/posts\/1422\/revisions"}],"predecessor-version":[{"id":2083,"href":"https:\/\/coordly.co\/en\/wp-json\/wp\/v2\/posts\/1422\/revisions\/2083"}],"wp:featuredmedia":[{"embeddable":true,"href":"https:\/\/coordly.co\/en\/wp-json\/wp\/v2\/media\/1423"}],"wp:attachment":[{"href":"https:\/\/coordly.co\/en\/wp-json\/wp\/v2\/media?parent=1422"}],"wp:term":[{"taxonomy":"category","embeddable":true,"href":"https:\/\/coordly.co\/en\/wp-json\/wp\/v2\/categories?post=1422"},{"taxonomy":"post_tag","embeddable":true,"href":"https:\/\/coordly.co\/en\/wp-json\/wp\/v2\/tags?post=1422"}],"curies":[{"name":"wp","href":"https:\/\/api.w.org\/{rel}","templated":true}]}}