{"id":1433,"date":"2021-02-28T08:00:00","date_gmt":"2021-02-28T11:00:00","guid":{"rendered":"http:\/\/localhost:8888\/maleta-do-engenheiro\/?p=1433"},"modified":"2025-04-09T17:23:23","modified_gmt":"2025-04-09T20:23:23","slug":"o-ensino-do-bim-nas-universidades-brasileiras","status":"publish","type":"post","link":"https:\/\/coordly.co\/en\/blog\/o-ensino-do-bim-nas-universidades-brasileiras\/","title":{"rendered":"O ensino do BIM nas universidades brasileiras"},"content":{"rendered":"<p>O uso do BIM em projetos e canteiros de obra pelo pa\u00eds j\u00e1 \u00e9 uma realidade. Entretanto, em compara\u00e7\u00e3o a outros pa\u00edses, ainda \u00e9 muito pequena essa participa\u00e7\u00e3o. Segundo estudo da Funda\u00e7\u00e3o Get\u00falio Vargas, o <a href=\"https:\/\/maletadoengenheiro.com.br\/blog\/o-bim-no-brasil-e-as-novas-legislacoes\/\">uso da modelagem BIM no Brasil<\/a> \u00e9 inferior, pelo menos, em quatro vezes, se comparado a pa\u00edses como Estados Unidos e Inglaterra.<\/p>\n\n\n\n<p>Essa defasagem \u00e9 uma luta que diversos setores da constru\u00e7\u00e3o civil enfrentam constantemente. Boa parte desse esfor\u00e7o pode ser reduzido, se uma pol\u00edtica clara de implanta\u00e7\u00e3o do ensino de BIM nas universidades for idealizada e implementada.<\/p>\n\n\n\n<p>Para isso, v\u00e1rias discuss\u00f5es e artigos acad\u00eamicos t\u00eam sido feitos, tentando chegar a um modelo de ensino que supere as dificuldades t\u00e9cnicas, e coloque o Brasil no caminho do desenvolvimento acad\u00eamico com modelagem BIM.<\/p>\n\n\n\n<h2 class=\"wp-block-heading\">O impasse da capacita\u00e7\u00e3o<\/h2>\n\n\n\n<p>O principal problema enfrentado pelas universidades \u00e9 a falta de profissionais capacitados para ensinar o uso adequado do BIM.<\/p>\n\n\n\n<p>Embora j\u00e1 n\u00e3o seja nenhuma novidade, ainda s\u00e3o poucos os profissionais de ensino que dominam, efetivamente, essa ferramenta. Muitos s\u00e3o reticentes quanto ao uso de novas tecnologias, preferindo fazer tudo \u00e0 moda antiga\u201d.<\/p>\n\n\n\n<p>Como n\u00e3o t\u00eam a pr\u00e1tica de uso no dia a dia, falta argumento e experi\u00eancia para suprir a curiosidade e as necessidades dos alunos. Apenas o conhecimento te\u00f3rico n\u00e3o \u00e9 suficiente para resolver todas as quest\u00f5es.<\/p>\n\n\n\n<p>Um outro problema pontual \u00e9 a necessidade da ferramenta ser utilizada em conjunto, criando uma rede de saberes. A modelagem BIM \u00e9 multidisciplinar, n\u00e3o se fecha em um s\u00f3 saber.&nbsp;<\/p>\n\n\n\n<p>Isso faz com que os professores precisem trabalhar em conjunto, criando projetos integrados, bem maiores que os de costume.&nbsp;<\/p>\n\n\n\n<p>Isso se torna um problema quando esbarra na falta de aptid\u00e3o dos docentes de trabalharem em conjunto, j\u00e1 que est\u00e3o habituados a cuidarem sozinhos de suas disciplinas.<\/p>\n\n\n\n<p>A mudan\u00e7a na ordem do trabalho nem sempre \u00e9 bem vista por todos.<\/p>\n\n\n\n<h2 class=\"wp-block-heading\">Estrutura ineficiente para o ensino do BIM nas universidades<\/h2>\n\n\n\n<p>A falta de infraestrutura dos centros universit\u00e1rios, que n\u00e3o est\u00e3o preparados, adequadamente, para tirarem o m\u00e1ximo do BIM, tamb\u00e9m emperra a expans\u00e3o do seu uso nos cursos.<\/p>\n\n\n\n<p>Essa falta de estrutura vai da inadequa\u00e7\u00e3o dos ambientes de trabalho, com equipamentos obsoletos, como da falta de curr\u00edculo que utilize o BIM de forma correta.<\/p>\n\n\n\n<p>Pedagogicamente, os cursos est\u00e3o crus, sem profundidade de uso. Muitos, sub utilizam o BIM como mero recurso, n\u00e3o explorando seu potencial inovador e facilitador.<\/p>\n\n\n\n<p>Muitos departamentos n\u00e3o atuam em conjunto, o que aumenta o abismo do ensino aqui, e l\u00e1 fora.<\/p>\n\n\n\n<h2 class=\"wp-block-heading\">O mercado influenciando o acad\u00eamico<\/h2>\n\n\n\n<p>O uso da modelagem BIM vem crescendo consideravelmente, nos \u00faltimos anos, e esse crescimento est\u00e1 remodelando os curr\u00edculos das universidades.<\/p>\n\n\n\n<p>Com a exig\u00eancia de uso da ferramenta, os centros acad\u00eamicos se viram diante do desafio de se adequarem ao BIM, fazendo altera\u00e7\u00f5es em seus planos pedag\u00f3gicos.<\/p>\n\n\n\n<p>O BIM est\u00e1 deixando de ser encarado como um \u201cpacote de softwares\u201d, para ser visto como ferramenta que deve ser usada em todas as etapas do projeto.<\/p>\n\n\n\n<p>Inicialmente, o uso de BIM era relegado apenas ao est\u00e1gio, ao final do curso. Entretanto, dado seu crescimento e popularidade, j\u00e1 existem iniciativas para que seja incluso desde o primeiro per\u00edodo de estudos.&nbsp;<\/p>\n\n\n\n<p>Muitos ainda o tratam como componente curricular e n\u00e3o como mat\u00e9ria efetiva. Mas, o mercado est\u00e1 exigindo mais conhecimento e habilidade dos egressos dos bancos acad\u00eamicos.&nbsp;<\/p>\n\n\n\n<p>A princ\u00edpio, a maneira que as institui\u00e7\u00f5es encontraram para contornar essa defasagem s\u00e3o os cursos de especializa\u00e7\u00e3o, que garantem o conhecimento requisitado pelo mercado, mas, sem necessariamente precisar de uma reformula\u00e7\u00e3o curricular muito extensa.<\/p>\n\n\n\n<p>Dessa forma, as institui\u00e7\u00f5es ganham tempo para adequar suas grades curriculares, e capacitar professores e instrutores.<\/p>\n\n\n\n<p>Em breve, o BIM ser\u00e1 disciplina obrigat\u00f3ria nas ementas acad\u00eamicas, ampliando sua utiliza\u00e7\u00e3o e se consolidando como ferramenta inestim\u00e1vel para a constru\u00e7\u00e3o civil.<\/p>\n\n\n\n<p>Seguindo a atual escalada, em poucos anos, e com algum investimento em remodela\u00e7\u00e3o curricular, o Brasil pode se igualar a pa\u00edses que j\u00e1 utilizam o BIM em sua totalidade.Antecipe-se e conhe\u00e7a melhor as funcionalidades que a Maleta do Engenheiro tem para voc\u00ea. <a href=\"https:\/\/bim.maletadoengenheiro.com.br\/conheca-o-maleta\">Cadastre-se gratuitamente<\/a> para conferir nosso ambiente virtual ou agende uma visita guiada sem custo para ver todos os nossos servi\u00e7os.\n\n<\/p>","protected":false},"excerpt":{"rendered":"<p>O uso do BIM em projetos e canteiros de obra pelo pa\u00eds j\u00e1 \u00e9 uma realidade. Entretanto, em compara\u00e7\u00e3o a outros pa\u00edses, ainda \u00e9 muito pequena essa participa\u00e7\u00e3o. Segundo estudo da Funda\u00e7\u00e3o Get\u00falio Vargas, o uso da modelagem BIM no Brasil \u00e9 inferior, pelo menos, em quatro vezes, se comparado a pa\u00edses como Estados Unidos [&hellip;]<\/p>","protected":false},"author":4,"featured_media":1435,"comment_status":"open","ping_status":"open","sticky":false,"template":"","format":"standard","meta":{"footnotes":""},"categories":[61,65],"tags":[],"class_list":["post-1433","post","type-post","status-publish","format-standard","has-post-thumbnail","hentry","category-bim-na-pratica","category-cultura-da-construcao"],"yoast_head":"<!-- This site is optimized with the Yoast SEO plugin v26.9 - https:\/\/yoast.com\/product\/yoast-seo-wordpress\/ -->\n<title>O ensino do BIM nas universidades brasileiras - Coordly<\/title>\n<meta name=\"description\" content=\"O ensino de BIM nas universidades brasileiras esbarra em pontos cruciais que podem ser sanados com planejamento pedag\u00f3gico adequado. Entenda.\" \/>\n<meta name=\"robots\" content=\"index, follow, max-snippet:-1, max-image-preview:large, max-video-preview:-1\" \/>\n<link rel=\"canonical\" href=\"https:\/\/coordly.co\/en\/blog\/o-ensino-do-bim-nas-universidades-brasileiras\/\" \/>\n<meta property=\"og:locale\" content=\"en_US\" \/>\n<meta property=\"og:type\" content=\"article\" \/>\n<meta property=\"og:title\" content=\"O ensino do BIM nas universidades brasileiras - Coordly\" \/>\n<meta property=\"og:description\" content=\"O ensino de BIM nas universidades brasileiras esbarra em pontos cruciais que podem ser sanados com planejamento pedag\u00f3gico adequado. Entenda.\" \/>\n<meta property=\"og:url\" content=\"https:\/\/coordly.co\/en\/blog\/o-ensino-do-bim-nas-universidades-brasileiras\/\" \/>\n<meta property=\"og:site_name\" content=\"Coordly\" \/>\n<meta property=\"article:published_time\" content=\"2021-02-28T11:00:00+00:00\" \/>\n<meta property=\"article:modified_time\" content=\"2025-04-09T20:23:23+00:00\" \/>\n<meta property=\"og:image\" content=\"https:\/\/coordly.co\/wp-content\/uploads\/2021\/02\/BIM-nas-universidades.jpg\" \/>\n\t<meta property=\"og:image:width\" content=\"2048\" \/>\n\t<meta property=\"og:image:height\" content=\"1365\" \/>\n\t<meta property=\"og:image:type\" content=\"image\/jpeg\" \/>\n<meta name=\"author\" content=\"Willian\" \/>\n<meta name=\"twitter:card\" content=\"summary_large_image\" \/>\n<meta name=\"twitter:label1\" content=\"Written by\" \/>\n\t<meta name=\"twitter:data1\" content=\"Willian\" \/>\n\t<meta name=\"twitter:label2\" content=\"Est. reading time\" \/>\n\t<meta name=\"twitter:data2\" content=\"4 minutes\" \/>\n<script type=\"application\/ld+json\" class=\"yoast-schema-graph\">{\"@context\":\"https:\/\/schema.org\",\"@graph\":[{\"@type\":\"Article\",\"@id\":\"https:\/\/coordly.co\/blog\/o-ensino-do-bim-nas-universidades-brasileiras\/#article\",\"isPartOf\":{\"@id\":\"https:\/\/coordly.co\/blog\/o-ensino-do-bim-nas-universidades-brasileiras\/\"},\"author\":{\"name\":\"Willian\",\"@id\":\"https:\/\/coordly.co\/#\/schema\/person\/a0d399b692836a2ad128f68b8607fa58\"},\"headline\":\"O ensino do BIM nas universidades brasileiras\",\"datePublished\":\"2021-02-28T11:00:00+00:00\",\"dateModified\":\"2025-04-09T20:23:23+00:00\",\"mainEntityOfPage\":{\"@id\":\"https:\/\/coordly.co\/blog\/o-ensino-do-bim-nas-universidades-brasileiras\/\"},\"wordCount\":754,\"commentCount\":0,\"publisher\":{\"@id\":\"https:\/\/coordly.co\/#organization\"},\"image\":{\"@id\":\"https:\/\/coordly.co\/blog\/o-ensino-do-bim-nas-universidades-brasileiras\/#primaryimage\"},\"thumbnailUrl\":\"https:\/\/coordly.co\/wp-content\/uploads\/2021\/02\/BIM-nas-universidades.jpg\",\"articleSection\":[\"BIM na Pr\u00e1tica\",\"Cultura da Constru\u00e7\u00e3o\"],\"inLanguage\":\"en-US\",\"potentialAction\":[{\"@type\":\"CommentAction\",\"name\":\"Comment\",\"target\":[\"https:\/\/coordly.co\/blog\/o-ensino-do-bim-nas-universidades-brasileiras\/#respond\"]}]},{\"@type\":\"WebPage\",\"@id\":\"https:\/\/coordly.co\/blog\/o-ensino-do-bim-nas-universidades-brasileiras\/\",\"url\":\"https:\/\/coordly.co\/blog\/o-ensino-do-bim-nas-universidades-brasileiras\/\",\"name\":\"O ensino do BIM nas universidades brasileiras - Coordly\",\"isPartOf\":{\"@id\":\"https:\/\/coordly.co\/#website\"},\"primaryImageOfPage\":{\"@id\":\"https:\/\/coordly.co\/blog\/o-ensino-do-bim-nas-universidades-brasileiras\/#primaryimage\"},\"image\":{\"@id\":\"https:\/\/coordly.co\/blog\/o-ensino-do-bim-nas-universidades-brasileiras\/#primaryimage\"},\"thumbnailUrl\":\"https:\/\/coordly.co\/wp-content\/uploads\/2021\/02\/BIM-nas-universidades.jpg\",\"datePublished\":\"2021-02-28T11:00:00+00:00\",\"dateModified\":\"2025-04-09T20:23:23+00:00\",\"description\":\"O ensino de BIM nas universidades brasileiras esbarra em pontos cruciais que podem ser sanados com planejamento pedag\u00f3gico adequado. Entenda.\",\"inLanguage\":\"en-US\",\"potentialAction\":[{\"@type\":\"ReadAction\",\"target\":[\"https:\/\/coordly.co\/blog\/o-ensino-do-bim-nas-universidades-brasileiras\/\"]}]},{\"@type\":\"ImageObject\",\"inLanguage\":\"en-US\",\"@id\":\"https:\/\/coordly.co\/blog\/o-ensino-do-bim-nas-universidades-brasileiras\/#primaryimage\",\"url\":\"https:\/\/coordly.co\/wp-content\/uploads\/2021\/02\/BIM-nas-universidades.jpg\",\"contentUrl\":\"https:\/\/coordly.co\/wp-content\/uploads\/2021\/02\/BIM-nas-universidades.jpg\",\"width\":2048,\"height\":1365,\"caption\":\"BIM nas universidades\"},{\"@type\":\"WebSite\",\"@id\":\"https:\/\/coordly.co\/#website\",\"url\":\"https:\/\/coordly.co\/\",\"name\":\"Coordly - Build it Better\",\"description\":\"Build it Better\",\"publisher\":{\"@id\":\"https:\/\/coordly.co\/#organization\"},\"alternateName\":\"Coordly\",\"potentialAction\":[{\"@type\":\"SearchAction\",\"target\":{\"@type\":\"EntryPoint\",\"urlTemplate\":\"https:\/\/coordly.co\/?s={search_term_string}\"},\"query-input\":{\"@type\":\"PropertyValueSpecification\",\"valueRequired\":true,\"valueName\":\"search_term_string\"}}],\"inLanguage\":\"en-US\"},{\"@type\":\"Organization\",\"@id\":\"https:\/\/coordly.co\/#organization\",\"name\":\"Coordly - Build it Better\",\"alternateName\":\"Coordly\",\"url\":\"https:\/\/coordly.co\/\",\"logo\":{\"@type\":\"ImageObject\",\"inLanguage\":\"en-US\",\"@id\":\"https:\/\/coordly.co\/#\/schema\/logo\/image\/\",\"url\":\"https:\/\/coordly.co\/wp-content\/uploads\/2024\/11\/Reducao-256px.png\",\"contentUrl\":\"https:\/\/coordly.co\/wp-content\/uploads\/2024\/11\/Reducao-256px.png\",\"width\":256,\"height\":256,\"caption\":\"Coordly - Build it Better\"},\"image\":{\"@id\":\"https:\/\/coordly.co\/#\/schema\/logo\/image\/\"}},{\"@type\":\"Person\",\"@id\":\"https:\/\/coordly.co\/#\/schema\/person\/a0d399b692836a2ad128f68b8607fa58\",\"name\":\"Willian\"}]}<\/script>\n<!-- \/ Yoast SEO plugin. -->","yoast_head_json":{"title":"O ensino do BIM nas universidades brasileiras - Coordly","description":"O ensino de BIM nas universidades brasileiras esbarra em pontos cruciais que podem ser sanados com planejamento pedag\u00f3gico adequado. Entenda.","robots":{"index":"index","follow":"follow","max-snippet":"max-snippet:-1","max-image-preview":"max-image-preview:large","max-video-preview":"max-video-preview:-1"},"canonical":"https:\/\/coordly.co\/en\/blog\/o-ensino-do-bim-nas-universidades-brasileiras\/","og_locale":"en_US","og_type":"article","og_title":"O ensino do BIM nas universidades brasileiras - Coordly","og_description":"O ensino de BIM nas universidades brasileiras esbarra em pontos cruciais que podem ser sanados com planejamento pedag\u00f3gico adequado. Entenda.","og_url":"https:\/\/coordly.co\/en\/blog\/o-ensino-do-bim-nas-universidades-brasileiras\/","og_site_name":"Coordly","article_published_time":"2021-02-28T11:00:00+00:00","article_modified_time":"2025-04-09T20:23:23+00:00","og_image":[{"width":2048,"height":1365,"url":"https:\/\/coordly.co\/wp-content\/uploads\/2021\/02\/BIM-nas-universidades.jpg","type":"image\/jpeg"}],"author":"Willian","twitter_card":"summary_large_image","twitter_misc":{"Written by":"Willian","Est. reading time":"4 minutes"},"schema":{"@context":"https:\/\/schema.org","@graph":[{"@type":"Article","@id":"https:\/\/coordly.co\/blog\/o-ensino-do-bim-nas-universidades-brasileiras\/#article","isPartOf":{"@id":"https:\/\/coordly.co\/blog\/o-ensino-do-bim-nas-universidades-brasileiras\/"},"author":{"name":"Willian","@id":"https:\/\/coordly.co\/#\/schema\/person\/a0d399b692836a2ad128f68b8607fa58"},"headline":"O ensino do BIM nas universidades brasileiras","datePublished":"2021-02-28T11:00:00+00:00","dateModified":"2025-04-09T20:23:23+00:00","mainEntityOfPage":{"@id":"https:\/\/coordly.co\/blog\/o-ensino-do-bim-nas-universidades-brasileiras\/"},"wordCount":754,"commentCount":0,"publisher":{"@id":"https:\/\/coordly.co\/#organization"},"image":{"@id":"https:\/\/coordly.co\/blog\/o-ensino-do-bim-nas-universidades-brasileiras\/#primaryimage"},"thumbnailUrl":"https:\/\/coordly.co\/wp-content\/uploads\/2021\/02\/BIM-nas-universidades.jpg","articleSection":["BIM na Pr\u00e1tica","Cultura da Constru\u00e7\u00e3o"],"inLanguage":"en-US","potentialAction":[{"@type":"CommentAction","name":"Comment","target":["https:\/\/coordly.co\/blog\/o-ensino-do-bim-nas-universidades-brasileiras\/#respond"]}]},{"@type":"WebPage","@id":"https:\/\/coordly.co\/blog\/o-ensino-do-bim-nas-universidades-brasileiras\/","url":"https:\/\/coordly.co\/blog\/o-ensino-do-bim-nas-universidades-brasileiras\/","name":"O ensino do BIM nas universidades brasileiras - Coordly","isPartOf":{"@id":"https:\/\/coordly.co\/#website"},"primaryImageOfPage":{"@id":"https:\/\/coordly.co\/blog\/o-ensino-do-bim-nas-universidades-brasileiras\/#primaryimage"},"image":{"@id":"https:\/\/coordly.co\/blog\/o-ensino-do-bim-nas-universidades-brasileiras\/#primaryimage"},"thumbnailUrl":"https:\/\/coordly.co\/wp-content\/uploads\/2021\/02\/BIM-nas-universidades.jpg","datePublished":"2021-02-28T11:00:00+00:00","dateModified":"2025-04-09T20:23:23+00:00","description":"O ensino de BIM nas universidades brasileiras esbarra em pontos cruciais que podem ser sanados com planejamento pedag\u00f3gico adequado. Entenda.","inLanguage":"en-US","potentialAction":[{"@type":"ReadAction","target":["https:\/\/coordly.co\/blog\/o-ensino-do-bim-nas-universidades-brasileiras\/"]}]},{"@type":"ImageObject","inLanguage":"en-US","@id":"https:\/\/coordly.co\/blog\/o-ensino-do-bim-nas-universidades-brasileiras\/#primaryimage","url":"https:\/\/coordly.co\/wp-content\/uploads\/2021\/02\/BIM-nas-universidades.jpg","contentUrl":"https:\/\/coordly.co\/wp-content\/uploads\/2021\/02\/BIM-nas-universidades.jpg","width":2048,"height":1365,"caption":"BIM nas universidades"},{"@type":"WebSite","@id":"https:\/\/coordly.co\/#website","url":"https:\/\/coordly.co\/","name":"Coordly - Build it Better","description":"Build it Better","publisher":{"@id":"https:\/\/coordly.co\/#organization"},"alternateName":"Coordly","potentialAction":[{"@type":"SearchAction","target":{"@type":"EntryPoint","urlTemplate":"https:\/\/coordly.co\/?s={search_term_string}"},"query-input":{"@type":"PropertyValueSpecification","valueRequired":true,"valueName":"search_term_string"}}],"inLanguage":"en-US"},{"@type":"Organization","@id":"https:\/\/coordly.co\/#organization","name":"Coordly - Build it Better","alternateName":"Coordly","url":"https:\/\/coordly.co\/","logo":{"@type":"ImageObject","inLanguage":"en-US","@id":"https:\/\/coordly.co\/#\/schema\/logo\/image\/","url":"https:\/\/coordly.co\/wp-content\/uploads\/2024\/11\/Reducao-256px.png","contentUrl":"https:\/\/coordly.co\/wp-content\/uploads\/2024\/11\/Reducao-256px.png","width":256,"height":256,"caption":"Coordly - Build it Better"},"image":{"@id":"https:\/\/coordly.co\/#\/schema\/logo\/image\/"}},{"@type":"Person","@id":"https:\/\/coordly.co\/#\/schema\/person\/a0d399b692836a2ad128f68b8607fa58","name":"Willian"}]}},"_links":{"self":[{"href":"https:\/\/coordly.co\/en\/wp-json\/wp\/v2\/posts\/1433","targetHints":{"allow":["GET"]}}],"collection":[{"href":"https:\/\/coordly.co\/en\/wp-json\/wp\/v2\/posts"}],"about":[{"href":"https:\/\/coordly.co\/en\/wp-json\/wp\/v2\/types\/post"}],"author":[{"embeddable":true,"href":"https:\/\/coordly.co\/en\/wp-json\/wp\/v2\/users\/4"}],"replies":[{"embeddable":true,"href":"https:\/\/coordly.co\/en\/wp-json\/wp\/v2\/comments?post=1433"}],"version-history":[{"count":1,"href":"https:\/\/coordly.co\/en\/wp-json\/wp\/v2\/posts\/1433\/revisions"}],"predecessor-version":[{"id":2081,"href":"https:\/\/coordly.co\/en\/wp-json\/wp\/v2\/posts\/1433\/revisions\/2081"}],"wp:featuredmedia":[{"embeddable":true,"href":"https:\/\/coordly.co\/en\/wp-json\/wp\/v2\/media\/1435"}],"wp:attachment":[{"href":"https:\/\/coordly.co\/en\/wp-json\/wp\/v2\/media?parent=1433"}],"wp:term":[{"taxonomy":"category","embeddable":true,"href":"https:\/\/coordly.co\/en\/wp-json\/wp\/v2\/categories?post=1433"},{"taxonomy":"post_tag","embeddable":true,"href":"https:\/\/coordly.co\/en\/wp-json\/wp\/v2\/tags?post=1433"}],"curies":[{"name":"wp","href":"https:\/\/api.w.org\/{rel}","templated":true}]}}