{"id":1768,"date":"2022-07-28T11:04:02","date_gmt":"2022-07-28T14:04:02","guid":{"rendered":"https:\/\/www.maletadoengenheiro.com.br\/?p=1768"},"modified":"2025-04-09T17:12:58","modified_gmt":"2025-04-09T20:12:58","slug":"como-comecar-a-utilizar-bim-com-a-coordly","status":"publish","type":"post","link":"https:\/\/coordly.co\/en\/blog\/como-comecar-a-utilizar-bim-com-a-coordly\/","title":{"rendered":"Como come\u00e7ar a utilizar BIM com a Coordly"},"content":{"rendered":"<p>O BIM se refere a uma metodologia que apoia processos de projeto, sendo utilizado durante toda o ciclo de vida de uma empreendimento, desde o projeto ate uma poss\u00edvel demoli\u00e7\u00e3o.<\/p>\n\n\n\n<p>Para come\u00e7ar a utilizar o BIM, \u00e9 importante entender tr\u00eas \u00e1reas em que o BIM traz transforma\u00e7\u00f5es: Tecnologias, Processos e Pessoas.<\/p>\n\n\n\n<h2 class=\"wp-block-heading\">Tecnologias<\/h2>\n\n\n\n<p>Ao utilizar o BIM \u00e9 importante entender os requisitos de software e hardware necess\u00e1rios dentro da sua equipe ou empresa.<\/p>\n\n\n\n<p>Atualmente existem v\u00e1rios softwares que utilizam a modelagem param\u00e9trica como motor de neg\u00f3cio . Softwares como Autodesk&nbsp;Revit&nbsp;e o&nbsp;ArchiCAD&nbsp;da Graphisoft, j\u00e1 s\u00e3o destaque no mercado.<\/p>\n\n\n\n<p>Cada software tem suas vantagens e desvantagens, sendo necess\u00e1rios estabelecer qual deles facilitara o desempenho da equipe como um todo. Existe ainda a necessidade de os softwares serem interoper\u00e1veis, ou seja, eles precisam conversar entre si.<\/p>\n\n\n\n<h2 class=\"wp-block-heading\">Processos<\/h2>\n\n\n\n<p>A mudan\u00e7a dos processos de projeto ao longo de uma implementa\u00e7\u00e3o do BIM deve acontecer gradualmente, de acordo com o n\u00edvel de maturidade da equipe.<\/p>\n\n\n\n<p>A implementa\u00e7\u00e3o BIM tem como primeiro passo definir os objetivos a serem atingidos com a implementa\u00e7\u00e3o, uma vez que eles variam dependendo da empresa ou pessoa. Para isso, existe o BIP, que \u00e9 o Plano de Implementa\u00e7\u00e3o BIM, que concentra todas as informa\u00e7\u00f5es necess\u00e1rias, como: o mapeamento dos processos, est\u00e1gios e objetivos, estrat\u00e9gias e abordagens no desenvolvimento, diagn\u00f3stico e an\u00e1lise de organiza\u00e7\u00f5es.<\/p>\n\n\n\n<p>Por isso, \u00e9 de extrema import\u00e2ncia que a implementa\u00e7\u00e3o BIM seja feita de forma gradual e ordenada.<\/p>\n\n\n\n<p>Outro ponto que deve ser levado em considera\u00e7\u00e3o \u00e9 a curva de aprendizado. Uma maneira de otimizar esse aprendizado \u00e9 atrav\u00e9s de um projeto teste, onde ser\u00e3o detectados pontos de melhoria antes de uma implementa\u00e7\u00e3o geral.<\/p>\n\n\n\n<h2 class=\"wp-block-heading\">Pessoas<\/h2>\n\n\n\n<p>T\u00e3o importante quanto a transforma\u00e7\u00e3o das tecnologias e os processos, \u00e9 importante entender quais s\u00e3o os membros necess\u00e1rios para formar a equipe respons\u00e1vel pelo projeto.<\/p>\n\n\n\n<p>Nesse contexto, \u00e9 preciso entender quais s\u00e3o os tipos de projetos realizados e as caracter\u00edsticas de cada um deles. Tamb\u00e9m \u00e9 preciso entender o perfil de cada profissional e o n\u00edvel de conhecimento sobre as ferramentas que cada profissional possui e qual n\u00edvel ele precisa ter.<\/p>\n\n\n\n<p>Profissionais com cargos diferentes, precisam de n\u00edveis diferentes de conhecimento sobre as ferramentas. Sendo assim, um profissional que gerencia ou revisa os projetos, n\u00e3o precisa ter todo o conhecimento de um profissional que desenvolve os projetos.<\/p>\n\n\n\n<h2 class=\"wp-block-heading\">A Coordly<\/h2>\n\n\n\n<p>Para que esses pontos citados anteriormente sejam implantados, \u00e9 preciso ter um local para centralizar as informa\u00e7\u00f5es e objetivos, e que facilite o gerenciamento dessas informa\u00e7\u00f5es.<\/p>\n\n\n\n<p>Na Coordly, voc\u00ea encontra uma plataforma intuitiva, com diversos recursos que facilitar\u00e3o a implementa\u00e7\u00e3o do processo BIM e o dia a dia do seu projeto.<\/p>\n\n\n\n<p>Cadastre-se gratuitamente ou agende uma apresenta\u00e7\u00e3o para saber mais. Acesse <a href=\"https:\/\/coordly.co\/\">coordly.co<\/a>!<\/p>","protected":false},"excerpt":{"rendered":"<p>O BIM se refere a uma metodologia que apoia processos de projeto, sendo utilizado durante toda o ciclo de vida de uma empreendimento, desde o projeto ate uma poss\u00edvel demoli\u00e7\u00e3o. Para come\u00e7ar a utilizar o BIM, \u00e9 importante entender tr\u00eas \u00e1reas em que o BIM traz transforma\u00e7\u00f5es: Tecnologias, Processos e Pessoas. Tecnologias Ao utilizar o [&hellip;]<\/p>","protected":false},"author":2,"featured_media":1769,"comment_status":"open","ping_status":"open","sticky":false,"template":"","format":"standard","meta":{"footnotes":""},"categories":[61,63],"tags":[8,13,9,14,15],"class_list":["post-1768","post","type-post","status-publish","format-standard","has-post-thumbnail","hentry","category-bim-na-pratica","category-funcionalidades-da-coordly","tag-bim","tag-implementacao-bim","tag-maleta-do-engenheiro","tag-processo-bim","tag-software-bim"],"yoast_head":"<!-- This site is optimized with the Yoast SEO plugin v26.9 - https:\/\/yoast.com\/product\/yoast-seo-wordpress\/ -->\n<title>Como come\u00e7ar a utilizar BIM com a Coordly - Coordly<\/title>\n<meta name=\"description\" content=\"Para come\u00e7ar a utilizar o BIM, \u00e9 importante entender tr\u00eas \u00e1reas em que o BIM traz transforma\u00e7\u00f5es: Tecnologias, Processos e Pessoas.\" \/>\n<meta name=\"robots\" content=\"index, follow, max-snippet:-1, max-image-preview:large, max-video-preview:-1\" \/>\n<link rel=\"canonical\" href=\"https:\/\/coordly.co\/en\/blog\/como-comecar-a-utilizar-bim-com-a-coordly\/\" \/>\n<meta property=\"og:locale\" content=\"en_US\" \/>\n<meta property=\"og:type\" content=\"article\" \/>\n<meta property=\"og:title\" content=\"Como come\u00e7ar a utilizar BIM com a Coordly - Coordly\" \/>\n<meta property=\"og:description\" content=\"Para come\u00e7ar a utilizar o BIM, \u00e9 importante entender tr\u00eas \u00e1reas em que o BIM traz transforma\u00e7\u00f5es: Tecnologias, Processos e Pessoas.\" \/>\n<meta property=\"og:url\" content=\"https:\/\/coordly.co\/en\/blog\/como-comecar-a-utilizar-bim-com-a-coordly\/\" \/>\n<meta property=\"og:site_name\" content=\"Coordly\" \/>\n<meta property=\"article:published_time\" content=\"2022-07-28T14:04:02+00:00\" \/>\n<meta property=\"article:modified_time\" content=\"2025-04-09T20:12:58+00:00\" \/>\n<meta property=\"og:image\" content=\"https:\/\/coordly.co\/wp-content\/uploads\/2022\/07\/blog-Como-comecar-a-utilizar-BIM.png\" \/>\n\t<meta property=\"og:image:width\" content=\"1920\" \/>\n\t<meta property=\"og:image:height\" content=\"1080\" \/>\n\t<meta property=\"og:image:type\" content=\"image\/png\" \/>\n<meta name=\"author\" content=\"joao-wcr\" \/>\n<meta name=\"twitter:card\" content=\"summary_large_image\" \/>\n<meta name=\"twitter:label1\" content=\"Written by\" \/>\n\t<meta name=\"twitter:data1\" content=\"joao-wcr\" \/>\n\t<meta name=\"twitter:label2\" content=\"Est. reading time\" \/>\n\t<meta name=\"twitter:data2\" content=\"3 minutes\" \/>\n<script type=\"application\/ld+json\" class=\"yoast-schema-graph\">{\"@context\":\"https:\/\/schema.org\",\"@graph\":[{\"@type\":\"Article\",\"@id\":\"https:\/\/coordly.co\/blog\/como-comecar-a-utilizar-bim-com-a-coordly\/#article\",\"isPartOf\":{\"@id\":\"https:\/\/coordly.co\/blog\/como-comecar-a-utilizar-bim-com-a-coordly\/\"},\"author\":{\"name\":\"joao-wcr\",\"@id\":\"https:\/\/coordly.co\/#\/schema\/person\/d5daef55b12ca3573c38045dbb93c732\"},\"headline\":\"Como come\u00e7ar a utilizar BIM com a Coordly\",\"datePublished\":\"2022-07-28T14:04:02+00:00\",\"dateModified\":\"2025-04-09T20:12:58+00:00\",\"mainEntityOfPage\":{\"@id\":\"https:\/\/coordly.co\/blog\/como-comecar-a-utilizar-bim-com-a-coordly\/\"},\"wordCount\":500,\"commentCount\":0,\"publisher\":{\"@id\":\"https:\/\/coordly.co\/#organization\"},\"image\":{\"@id\":\"https:\/\/coordly.co\/blog\/como-comecar-a-utilizar-bim-com-a-coordly\/#primaryimage\"},\"thumbnailUrl\":\"https:\/\/coordly.co\/wp-content\/uploads\/2022\/07\/blog-Como-comecar-a-utilizar-BIM.png\",\"keywords\":[\"BIM\",\"implementa\u00e7\u00e3o bim\",\"Maleta do Engenheiro\",\"Processo BIM\",\"Software BIM\"],\"articleSection\":[\"BIM na Pr\u00e1tica\",\"Funcionalidades da Coordly\"],\"inLanguage\":\"en-US\",\"potentialAction\":[{\"@type\":\"CommentAction\",\"name\":\"Comment\",\"target\":[\"https:\/\/coordly.co\/blog\/como-comecar-a-utilizar-bim-com-a-coordly\/#respond\"]}]},{\"@type\":\"WebPage\",\"@id\":\"https:\/\/coordly.co\/blog\/como-comecar-a-utilizar-bim-com-a-coordly\/\",\"url\":\"https:\/\/coordly.co\/blog\/como-comecar-a-utilizar-bim-com-a-coordly\/\",\"name\":\"Como come\u00e7ar a utilizar BIM com a Coordly - Coordly\",\"isPartOf\":{\"@id\":\"https:\/\/coordly.co\/#website\"},\"primaryImageOfPage\":{\"@id\":\"https:\/\/coordly.co\/blog\/como-comecar-a-utilizar-bim-com-a-coordly\/#primaryimage\"},\"image\":{\"@id\":\"https:\/\/coordly.co\/blog\/como-comecar-a-utilizar-bim-com-a-coordly\/#primaryimage\"},\"thumbnailUrl\":\"https:\/\/coordly.co\/wp-content\/uploads\/2022\/07\/blog-Como-comecar-a-utilizar-BIM.png\",\"datePublished\":\"2022-07-28T14:04:02+00:00\",\"dateModified\":\"2025-04-09T20:12:58+00:00\",\"description\":\"Para come\u00e7ar a utilizar o BIM, \u00e9 importante entender tr\u00eas \u00e1reas em que o BIM traz transforma\u00e7\u00f5es: Tecnologias, Processos e Pessoas.\",\"inLanguage\":\"en-US\",\"potentialAction\":[{\"@type\":\"ReadAction\",\"target\":[\"https:\/\/coordly.co\/blog\/como-comecar-a-utilizar-bim-com-a-coordly\/\"]}]},{\"@type\":\"ImageObject\",\"inLanguage\":\"en-US\",\"@id\":\"https:\/\/coordly.co\/blog\/como-comecar-a-utilizar-bim-com-a-coordly\/#primaryimage\",\"url\":\"https:\/\/coordly.co\/wp-content\/uploads\/2022\/07\/blog-Como-comecar-a-utilizar-BIM.png\",\"contentUrl\":\"https:\/\/coordly.co\/wp-content\/uploads\/2022\/07\/blog-Como-comecar-a-utilizar-BIM.png\",\"width\":1920,\"height\":1080,\"caption\":\"Os 3 pilares da implementa\u00e7\u00e3o BIM\"},{\"@type\":\"WebSite\",\"@id\":\"https:\/\/coordly.co\/#website\",\"url\":\"https:\/\/coordly.co\/\",\"name\":\"Coordly - Build it Better\",\"description\":\"Build it Better\",\"publisher\":{\"@id\":\"https:\/\/coordly.co\/#organization\"},\"alternateName\":\"Coordly\",\"potentialAction\":[{\"@type\":\"SearchAction\",\"target\":{\"@type\":\"EntryPoint\",\"urlTemplate\":\"https:\/\/coordly.co\/?s={search_term_string}\"},\"query-input\":{\"@type\":\"PropertyValueSpecification\",\"valueRequired\":true,\"valueName\":\"search_term_string\"}}],\"inLanguage\":\"en-US\"},{\"@type\":\"Organization\",\"@id\":\"https:\/\/coordly.co\/#organization\",\"name\":\"Coordly - Build it Better\",\"alternateName\":\"Coordly\",\"url\":\"https:\/\/coordly.co\/\",\"logo\":{\"@type\":\"ImageObject\",\"inLanguage\":\"en-US\",\"@id\":\"https:\/\/coordly.co\/#\/schema\/logo\/image\/\",\"url\":\"https:\/\/coordly.co\/wp-content\/uploads\/2024\/11\/Reducao-256px.png\",\"contentUrl\":\"https:\/\/coordly.co\/wp-content\/uploads\/2024\/11\/Reducao-256px.png\",\"width\":256,\"height\":256,\"caption\":\"Coordly - Build it Better\"},\"image\":{\"@id\":\"https:\/\/coordly.co\/#\/schema\/logo\/image\/\"}},{\"@type\":\"Person\",\"@id\":\"https:\/\/coordly.co\/#\/schema\/person\/d5daef55b12ca3573c38045dbb93c732\",\"name\":\"joao-wcr\"}]}<\/script>\n<!-- \/ Yoast SEO plugin. -->","yoast_head_json":{"title":"Como come\u00e7ar a utilizar BIM com a Coordly - Coordly","description":"Para come\u00e7ar a utilizar o BIM, \u00e9 importante entender tr\u00eas \u00e1reas em que o BIM traz transforma\u00e7\u00f5es: Tecnologias, Processos e Pessoas.","robots":{"index":"index","follow":"follow","max-snippet":"max-snippet:-1","max-image-preview":"max-image-preview:large","max-video-preview":"max-video-preview:-1"},"canonical":"https:\/\/coordly.co\/en\/blog\/como-comecar-a-utilizar-bim-com-a-coordly\/","og_locale":"en_US","og_type":"article","og_title":"Como come\u00e7ar a utilizar BIM com a Coordly - Coordly","og_description":"Para come\u00e7ar a utilizar o BIM, \u00e9 importante entender tr\u00eas \u00e1reas em que o BIM traz transforma\u00e7\u00f5es: Tecnologias, Processos e Pessoas.","og_url":"https:\/\/coordly.co\/en\/blog\/como-comecar-a-utilizar-bim-com-a-coordly\/","og_site_name":"Coordly","article_published_time":"2022-07-28T14:04:02+00:00","article_modified_time":"2025-04-09T20:12:58+00:00","og_image":[{"width":1920,"height":1080,"url":"https:\/\/coordly.co\/wp-content\/uploads\/2022\/07\/blog-Como-comecar-a-utilizar-BIM.png","type":"image\/png"}],"author":"joao-wcr","twitter_card":"summary_large_image","twitter_misc":{"Written by":"joao-wcr","Est. reading time":"3 minutes"},"schema":{"@context":"https:\/\/schema.org","@graph":[{"@type":"Article","@id":"https:\/\/coordly.co\/blog\/como-comecar-a-utilizar-bim-com-a-coordly\/#article","isPartOf":{"@id":"https:\/\/coordly.co\/blog\/como-comecar-a-utilizar-bim-com-a-coordly\/"},"author":{"name":"joao-wcr","@id":"https:\/\/coordly.co\/#\/schema\/person\/d5daef55b12ca3573c38045dbb93c732"},"headline":"Como come\u00e7ar a utilizar BIM com a Coordly","datePublished":"2022-07-28T14:04:02+00:00","dateModified":"2025-04-09T20:12:58+00:00","mainEntityOfPage":{"@id":"https:\/\/coordly.co\/blog\/como-comecar-a-utilizar-bim-com-a-coordly\/"},"wordCount":500,"commentCount":0,"publisher":{"@id":"https:\/\/coordly.co\/#organization"},"image":{"@id":"https:\/\/coordly.co\/blog\/como-comecar-a-utilizar-bim-com-a-coordly\/#primaryimage"},"thumbnailUrl":"https:\/\/coordly.co\/wp-content\/uploads\/2022\/07\/blog-Como-comecar-a-utilizar-BIM.png","keywords":["BIM","implementa\u00e7\u00e3o bim","Maleta do Engenheiro","Processo BIM","Software BIM"],"articleSection":["BIM na Pr\u00e1tica","Funcionalidades da Coordly"],"inLanguage":"en-US","potentialAction":[{"@type":"CommentAction","name":"Comment","target":["https:\/\/coordly.co\/blog\/como-comecar-a-utilizar-bim-com-a-coordly\/#respond"]}]},{"@type":"WebPage","@id":"https:\/\/coordly.co\/blog\/como-comecar-a-utilizar-bim-com-a-coordly\/","url":"https:\/\/coordly.co\/blog\/como-comecar-a-utilizar-bim-com-a-coordly\/","name":"Como come\u00e7ar a utilizar BIM com a Coordly - Coordly","isPartOf":{"@id":"https:\/\/coordly.co\/#website"},"primaryImageOfPage":{"@id":"https:\/\/coordly.co\/blog\/como-comecar-a-utilizar-bim-com-a-coordly\/#primaryimage"},"image":{"@id":"https:\/\/coordly.co\/blog\/como-comecar-a-utilizar-bim-com-a-coordly\/#primaryimage"},"thumbnailUrl":"https:\/\/coordly.co\/wp-content\/uploads\/2022\/07\/blog-Como-comecar-a-utilizar-BIM.png","datePublished":"2022-07-28T14:04:02+00:00","dateModified":"2025-04-09T20:12:58+00:00","description":"Para come\u00e7ar a utilizar o BIM, \u00e9 importante entender tr\u00eas \u00e1reas em que o BIM traz transforma\u00e7\u00f5es: Tecnologias, Processos e Pessoas.","inLanguage":"en-US","potentialAction":[{"@type":"ReadAction","target":["https:\/\/coordly.co\/blog\/como-comecar-a-utilizar-bim-com-a-coordly\/"]}]},{"@type":"ImageObject","inLanguage":"en-US","@id":"https:\/\/coordly.co\/blog\/como-comecar-a-utilizar-bim-com-a-coordly\/#primaryimage","url":"https:\/\/coordly.co\/wp-content\/uploads\/2022\/07\/blog-Como-comecar-a-utilizar-BIM.png","contentUrl":"https:\/\/coordly.co\/wp-content\/uploads\/2022\/07\/blog-Como-comecar-a-utilizar-BIM.png","width":1920,"height":1080,"caption":"Os 3 pilares da implementa\u00e7\u00e3o BIM"},{"@type":"WebSite","@id":"https:\/\/coordly.co\/#website","url":"https:\/\/coordly.co\/","name":"Coordly - Build it Better","description":"Build it Better","publisher":{"@id":"https:\/\/coordly.co\/#organization"},"alternateName":"Coordly","potentialAction":[{"@type":"SearchAction","target":{"@type":"EntryPoint","urlTemplate":"https:\/\/coordly.co\/?s={search_term_string}"},"query-input":{"@type":"PropertyValueSpecification","valueRequired":true,"valueName":"search_term_string"}}],"inLanguage":"en-US"},{"@type":"Organization","@id":"https:\/\/coordly.co\/#organization","name":"Coordly - Build it Better","alternateName":"Coordly","url":"https:\/\/coordly.co\/","logo":{"@type":"ImageObject","inLanguage":"en-US","@id":"https:\/\/coordly.co\/#\/schema\/logo\/image\/","url":"https:\/\/coordly.co\/wp-content\/uploads\/2024\/11\/Reducao-256px.png","contentUrl":"https:\/\/coordly.co\/wp-content\/uploads\/2024\/11\/Reducao-256px.png","width":256,"height":256,"caption":"Coordly - Build it Better"},"image":{"@id":"https:\/\/coordly.co\/#\/schema\/logo\/image\/"}},{"@type":"Person","@id":"https:\/\/coordly.co\/#\/schema\/person\/d5daef55b12ca3573c38045dbb93c732","name":"joao-wcr"}]}},"_links":{"self":[{"href":"https:\/\/coordly.co\/en\/wp-json\/wp\/v2\/posts\/1768","targetHints":{"allow":["GET"]}}],"collection":[{"href":"https:\/\/coordly.co\/en\/wp-json\/wp\/v2\/posts"}],"about":[{"href":"https:\/\/coordly.co\/en\/wp-json\/wp\/v2\/types\/post"}],"author":[{"embeddable":true,"href":"https:\/\/coordly.co\/en\/wp-json\/wp\/v2\/users\/2"}],"replies":[{"embeddable":true,"href":"https:\/\/coordly.co\/en\/wp-json\/wp\/v2\/comments?post=1768"}],"version-history":[{"count":5,"href":"https:\/\/coordly.co\/en\/wp-json\/wp\/v2\/posts\/1768\/revisions"}],"predecessor-version":[{"id":1985,"href":"https:\/\/coordly.co\/en\/wp-json\/wp\/v2\/posts\/1768\/revisions\/1985"}],"wp:featuredmedia":[{"embeddable":true,"href":"https:\/\/coordly.co\/en\/wp-json\/wp\/v2\/media\/1769"}],"wp:attachment":[{"href":"https:\/\/coordly.co\/en\/wp-json\/wp\/v2\/media?parent=1768"}],"wp:term":[{"taxonomy":"category","embeddable":true,"href":"https:\/\/coordly.co\/en\/wp-json\/wp\/v2\/categories?post=1768"},{"taxonomy":"post_tag","embeddable":true,"href":"https:\/\/coordly.co\/en\/wp-json\/wp\/v2\/tags?post=1768"}],"curies":[{"name":"wp","href":"https:\/\/api.w.org\/{rel}","templated":true}]}}