{"id":2109,"date":"2025-04-25T16:20:39","date_gmt":"2025-04-25T19:20:39","guid":{"rendered":"https:\/\/coordly.co\/?p=2109"},"modified":"2025-04-25T16:20:39","modified_gmt":"2025-04-25T19:20:39","slug":"postura-ativa-na-coordenacao-de-projetos-antecipe-problemas-e-garanta-entregas-mais-eficientes","status":"publish","type":"post","link":"https:\/\/coordly.co\/en\/blog\/postura-ativa-na-coordenacao-de-projetos-antecipe-problemas-e-garanta-entregas-mais-eficientes\/","title":{"rendered":"Postura ativa na coordena\u00e7\u00e3o de projetos: antecipe problemas e garanta entregas mais eficientes"},"content":{"rendered":"<p>Na constru\u00e7\u00e3o civil, lidar com imprevistos, atrasos e retrabalho \u00e9 quase rotina. Mas, e se boa parte desses problemas pudessem ser evitados com algo mais simples do que parece?&nbsp;<\/p>\n\n\n\n<p>A verdade \u00e9 que muitos dos desafios enfrentados em obras e projetos t\u00eam origem na falta de clareza, comunica\u00e7\u00e3o truncada e na aus\u00eancia de um direcionamento firme desde o in\u00edcio.<\/p>\n\n\n\n<p>\u00c9 nesse cen\u00e1rio que entra a postura ativa na coordena\u00e7\u00e3o de projetos. Mais do que um conceito bonito, trata-se de uma pr\u00e1tica concreta que impacta diretamente a produtividade das equipes, a qualidade das entregas e o cumprimento de prazos.&nbsp;<\/p>\n\n\n\n<p>Um coordenador com postura ativa vai al\u00e9m de &#8220;tocar reuni\u00f5es&#8221;.&nbsp;<\/p>\n\n\n\n<p>Ele lidera com intencionalidade, antecipa problemas, promove alinhamentos constantes e garante que todos os envolvidos saibam o que est\u00e3o fazendo, porque est\u00e3o fazendo e at\u00e9 quando precisam fazer.<\/p>\n\n\n\n<p>E se voc\u00ea acha que isso \u00e9 dif\u00edcil de implementar, a boa not\u00edcia \u00e9 que j\u00e1 existem m\u00e9todos claros e ferramentas acess\u00edveis para apoiar esse tipo de gest\u00e3o.<\/p>\n\n\n\n<p>Vamos entender o que \u00e9 essa postura ativa, como ela funciona na pr\u00e1tica e de que forma pode transformar seus projetos.<\/p>\n\n\n\n<h2 class=\"wp-block-heading\"><strong>O que \u00e9 uma postura ativa na coordena\u00e7\u00e3o de projetos?<\/strong><\/h2>\n\n\n\n<p>Coordenar n\u00e3o \u00e9 apenas acompanhar o cronograma.&nbsp;<\/p>\n\n\n\n<p>Quem assume uma postura ativa est\u00e1 o tempo todo conectando pontas, revisando informa\u00e7\u00f5es, promovendo alinhamento entre equipe e cliente, e tomando decis\u00f5es com base em dados reais do projeto.<\/p>\n\n\n\n<p>\u00c9 o coordenador que:<\/p>\n\n\n\n<ul class=\"wp-block-list\">\n<li>Garante que os objetivos do projeto est\u00e3o claros para todos;<br><\/li>\n\n\n\n<li>Mant\u00e9m as informa\u00e7\u00f5es acess\u00edveis e atualizadas;<br><\/li>\n\n\n\n<li>Formaliza decis\u00f5es e responsabilidades em cada reuni\u00e3o;<br><\/li>\n\n\n\n<li>Estimula a participa\u00e7\u00e3o ativa dos envolvidos;<br><\/li>\n\n\n\n<li>Atua de forma transparente e organizada, promovendo um ambiente colaborativo.<br><\/li>\n<\/ul>\n\n\n\n<p>Essa atua\u00e7\u00e3o n\u00e3o \u00e9 apenas operacional, mas tamb\u00e9m estrat\u00e9gica. O coordenador com postura ativa est\u00e1 sempre um passo \u00e0 frente. Ele antecipa riscos, interpreta os dados do projeto e orienta a equipe de forma clara e eficaz.<\/p>\n\n\n\n<figure class=\"wp-block-image size-large\"><img loading=\"lazy\" decoding=\"async\" width=\"1024\" height=\"683\" src=\"https:\/\/coordly.co\/wp-content\/uploads\/2025\/04\/info2-1024x683.png\" alt=\"\" class=\"wp-image-2110\" srcset=\"https:\/\/coordly.co\/wp-content\/uploads\/2025\/04\/info2-1024x683.png 1024w, https:\/\/coordly.co\/wp-content\/uploads\/2025\/04\/info2-300x200.png 300w, https:\/\/coordly.co\/wp-content\/uploads\/2025\/04\/info2-768x512.png 768w, https:\/\/coordly.co\/wp-content\/uploads\/2025\/04\/info2.png 1536w\" sizes=\"auto, (max-width: 1024px) 100vw, 1024px\" \/><\/figure>\n\n\n\n<h2 class=\"wp-block-heading\"><strong>O papel das reuni\u00f5es no ciclo de vida do projeto<\/strong><\/h2>\n\n\n\n<p>Um dos momentos mais cr\u00edticos para exercitar a postura ativa \u00e9 nas reuni\u00f5es. Elas s\u00e3o o espa\u00e7o onde as informa\u00e7\u00f5es ganham forma, onde os problemas s\u00e3o resolvidos e onde o alinhamento \u00e9 renovado. Confira os principais tipos de reuni\u00e3o e como o coordenador deve atuar em cada uma:<\/p>\n\n\n\n<h4 class=\"wp-block-heading\"><strong>\u25aa Reuni\u00e3o de start<\/strong><\/h4>\n\n\n\n<p>Momento de definir objetivos, prazos e responsabilidades. Aqui, o coordenador estrutura o in\u00edcio do projeto e formaliza decis\u00f5es importantes com base nas metas do cliente.<\/p>\n\n\n\n<h4 class=\"wp-block-heading\"><strong>\u25aa Reuni\u00e3o de compatibiliza\u00e7\u00e3o<\/strong><\/h4>\n\n\n\n<p>Etapa essencial para conferir modelos, registrar resolu\u00e7\u00f5es t\u00e9cnicas e alinhar disciplinas. O foco est\u00e1 em evitar retrabalho e antecipar interfer\u00eancias.<\/p>\n\n\n\n<h4 class=\"wp-block-heading\"><strong>\u25aa Reuni\u00e3o de d\u00favidas pontuais<\/strong><\/h4>\n\n\n\n<p>Espa\u00e7o \u00e1gil para resolver d\u00favidas sem comprometer o ritmo da obra. O coordenador garante que os problemas sejam resolvidos com agilidade e sem perda de qualidade.<\/p>\n\n\n\n<h4 class=\"wp-block-heading\"><strong>\u25aa Reuni\u00e3o de valida\u00e7\u00e3o virtual<\/strong><\/h4>\n\n\n\n<p>A chance de validar modelos em detalhe, assegurando que tudo esteja conforme os requisitos do cliente. O coordenador precisa ter conhecimento t\u00e9cnico e olhar atento aos detalhes.<\/p>\n\n\n\n<h4 class=\"wp-block-heading\"><strong>\u25aa Reuni\u00e3o de passagem de bast\u00e3o<\/strong><\/h4>\n\n\n\n<p>Transi\u00e7\u00e3o entre planejamento e execu\u00e7\u00e3o. Aqui, o foco \u00e9 clareza na transmiss\u00e3o de dados e garantia de que a equipe de campo esteja pronta.<\/p>\n\n\n\n<h4 class=\"wp-block-heading\"><strong>\u25aa Reuni\u00e3o de encerramento<\/strong><\/h4>\n\n\n\n<p>Registro de aprendizados, revis\u00e3o de processos, feedback do cliente. O coordenador atua fechando o ciclo com transpar\u00eancia e direcionamento para os pr\u00f3ximos projetos.<\/p>\n\n\n\n<p>Em todas essas reuni\u00f5es, a postura ativa se reflete em pequenas atitudes: reda\u00e7\u00e3o de atas em tempo real, documentos abertos para confer\u00eancia, linguagem clara e objetiva, e participa\u00e7\u00e3o estimulada de toda a equipe.<\/p>\n\n\n\n<h2 class=\"wp-block-heading\"><strong>Como essa postura impacta diretamente os resultados<\/strong><\/h2>\n\n\n\n<p>A grande diferen\u00e7a de uma coordena\u00e7\u00e3o ativa est\u00e1 na previsibilidade. Projetos bem coordenados t\u00eam menos surpresas, menos conflitos e maior ader\u00eancia ao cronograma e ao or\u00e7amento.<\/p>\n\n\n\n<p>Com um coordenador presente, preparado e ativo, o time ganha mais seguran\u00e7a, autonomia e clareza. E o cliente percebe valor desde o in\u00edcio.&nbsp;<\/p>\n\n\n\n<p>Al\u00e9m disso, indicadores de produtividade e qualidade s\u00e3o mais facilmente alcan\u00e7ados.<\/p>\n\n\n\n<p>Quando a comunica\u00e7\u00e3o \u00e9 bem conduzida, as decis\u00f5es s\u00e3o mais r\u00e1pidas e os erros diminuem. A equipe deixa de ser reativa e passa a atuar de forma proativa.<\/p>\n\n\n\n<h2 class=\"wp-block-heading\"><strong>Que tal uma aliada para coordenar com clareza e controle?<\/strong><\/h2>\n\n\n\n<p>Claro que manter toda essa postura ativa na pr\u00e1tica exige organiza\u00e7\u00e3o e apoio das ferramentas certas.&nbsp;<\/p>\n\n\n\n<p>E \u00e9 exatamente isso que a <strong>Coordly<\/strong> oferece: um ambiente digital pensado para ajudar coordenadores, gerentes e equipes t\u00e9cnicas a manterem tudo em ordem.<\/p>\n\n\n\n<p>Com a Coordly voc\u00ea consegue:<\/p>\n\n\n\n<ul class=\"wp-block-list\">\n<li>Centralizar documentos e modelos em um Ambiente Comum de Dados (CDE);<br><\/li>\n\n\n\n<li>Acompanhar entreg\u00e1veis e tarefas com controle de vers\u00e3o e respons\u00e1veis;<br><\/li>\n\n\n\n<li>Armazenar, versionar e rastrear documentos, atas, registros e relat\u00f3rios automaticamente;<br><\/li>\n\n\n\n<li>Visualizar o andamento do projeto com indicadores claros;<br><\/li>\n\n\n\n<li>Reduzir ru\u00eddo na comunica\u00e7\u00e3o e manter todos na mesma p\u00e1gina.<br><\/li>\n<\/ul>\n\n\n\n<p>Tudo isso com interface amig\u00e1vel, integra\u00e7\u00e3o com ferramentas de BIM e suporte a equipes de diferentes tamanhos.&nbsp;<\/p>\n\n\n\n<p>A plataforma foi pensada para facilitar a vida de quem lidera projetos na pr\u00e1tica, e n\u00e3o s\u00f3 no papel.<\/p>\n\n\n\n<h2 class=\"wp-block-heading\"><strong>Comece pelo planejamento certo<\/strong><\/h2>\n\n\n\n<p>Adotar uma postura ativa exige base s\u00f3lida. E isso come\u00e7a com um bom planejamento.&nbsp;<\/p>\n\n\n\n<p>Pensando nisso, a Coordly preparou um material gratuito que pode ser o ponto de partida ideal para sua pr\u00f3xima obra: o <strong>Checklist para Projetos Lucrativos<\/strong>.<\/p>\n\n\n\n<p>Nele, voc\u00ea encontra os 10 passos fundamentais para organizar e executar seu projeto com mais controle, menos desperd\u00edcios e melhores resultados.&nbsp;<\/p>\n\n\n\n<p>Desde a defini\u00e7\u00e3o de objetivos at\u00e9 o encerramento do projeto, tudo est\u00e1 estruturado de forma simples e aplic\u00e1vel.<\/p>\n\n\n\n<p>Ao seguir o checklist, voc\u00ea:<\/p>\n\n\n\n<ul class=\"wp-block-list\">\n<li>Evita erros b\u00e1sicos que geram preju\u00edzo;<br><\/li>\n\n\n\n<li>Planeja com mais assertividade;<br><\/li>\n\n\n\n<li>Cria rotinas que facilitam a comunica\u00e7\u00e3o;<br><\/li>\n\n\n\n<li>Garante entregas mais alinhadas com o cliente.<\/li>\n<\/ul>\n\n\n\n<p>Baixe <a href=\"https:\/\/drive.google.com\/file\/d\/1-dmA_I_LORpaThF7ypMCeOIXkcjs3eDQ\/view?usp=sharing\">aqui<\/a> o checklist e d\u00ea o primeiro passo rumo a uma gest\u00e3o mais profissional e eficiente.<br><\/p>\n\n\n\n<h2 class=\"wp-block-heading\"><strong>E o seu projeto, coordenador, como anda?<\/strong><\/h2>\n\n\n\n<p>Coordena\u00e7\u00e3o de projetos n\u00e3o pode ser feita no improviso. Cada passo, cada reuni\u00e3o, cada tomada de decis\u00e3o precisa ter um prop\u00f3sito claro.&nbsp;<\/p>\n\n\n\n<p>E \u00e9 isso que define um coordenador com postura ativa: aquele que lidera com clareza, organiza com m\u00e9todo e entrega com efici\u00eancia.<\/p>\n\n\n\n<p>Se voc\u00ea quer reduzir riscos, ganhar agilidade e transformar a forma como conduz seus projetos, comece por adotar essa postura.&nbsp;<\/p>\n\n\n\n<p>E conte com a Coordly para te ajudar nesse processo!<\/p>","protected":false},"excerpt":{"rendered":"<p>Na constru\u00e7\u00e3o civil, lidar com imprevistos, atrasos e retrabalho \u00e9 quase rotina. Mas, e se boa parte desses problemas pudessem ser evitados com algo mais simples do que parece?&nbsp; A verdade \u00e9 que muitos dos desafios enfrentados em obras e projetos t\u00eam origem na falta de clareza, comunica\u00e7\u00e3o truncada e na aus\u00eancia de um direcionamento [&hellip;]<\/p>","protected":false},"author":1,"featured_media":2112,"comment_status":"open","ping_status":"open","sticky":false,"template":"","format":"standard","meta":{"footnotes":""},"categories":[59,63],"tags":[],"class_list":["post-2109","post","type-post","status-publish","format-standard","has-post-thumbnail","hentry","category-coordenacao-de-projetos","category-funcionalidades-da-coordly"],"yoast_head":"<!-- This site is optimized with the Yoast SEO plugin v26.9 - https:\/\/yoast.com\/product\/yoast-seo-wordpress\/ -->\n<title>Postura ativa na coordena\u00e7\u00e3o de projetos: antecipe problemas e garanta entregas mais eficientes - Coordly<\/title>\n<meta name=\"robots\" content=\"index, follow, max-snippet:-1, max-image-preview:large, max-video-preview:-1\" \/>\n<link rel=\"canonical\" href=\"https:\/\/coordly.co\/en\/blog\/postura-ativa-na-coordenacao-de-projetos-antecipe-problemas-e-garanta-entregas-mais-eficientes\/\" \/>\n<meta property=\"og:locale\" content=\"en_US\" \/>\n<meta property=\"og:type\" content=\"article\" \/>\n<meta property=\"og:title\" content=\"Postura ativa na coordena\u00e7\u00e3o de projetos: antecipe problemas e garanta entregas mais eficientes - Coordly\" \/>\n<meta property=\"og:description\" content=\"Na constru\u00e7\u00e3o civil, lidar com imprevistos, atrasos e retrabalho \u00e9 quase rotina. Mas, e se boa parte desses problemas pudessem ser evitados com algo mais simples do que parece?&nbsp; A verdade \u00e9 que muitos dos desafios enfrentados em obras e projetos t\u00eam origem na falta de clareza, comunica\u00e7\u00e3o truncada e na aus\u00eancia de um direcionamento [&hellip;]\" \/>\n<meta property=\"og:url\" content=\"https:\/\/coordly.co\/en\/blog\/postura-ativa-na-coordenacao-de-projetos-antecipe-problemas-e-garanta-entregas-mais-eficientes\/\" \/>\n<meta property=\"og:site_name\" content=\"Coordly\" \/>\n<meta property=\"article:published_time\" content=\"2025-04-25T19:20:39+00:00\" \/>\n<meta property=\"og:image\" content=\"https:\/\/coordly.co\/wp-content\/uploads\/2025\/04\/postura-ativa-na-coordenacao.png\" \/>\n\t<meta property=\"og:image:width\" content=\"1920\" \/>\n\t<meta property=\"og:image:height\" content=\"1080\" \/>\n\t<meta property=\"og:image:type\" content=\"image\/png\" \/>\n<meta name=\"author\" content=\"admin\" \/>\n<meta name=\"twitter:card\" content=\"summary_large_image\" \/>\n<meta name=\"twitter:label1\" content=\"Written by\" \/>\n\t<meta name=\"twitter:data1\" content=\"admin\" \/>\n\t<meta name=\"twitter:label2\" content=\"Est. reading time\" \/>\n\t<meta name=\"twitter:data2\" content=\"7 minutes\" \/>\n<script type=\"application\/ld+json\" class=\"yoast-schema-graph\">{\"@context\":\"https:\/\/schema.org\",\"@graph\":[{\"@type\":\"Article\",\"@id\":\"https:\/\/coordly.co\/blog\/postura-ativa-na-coordenacao-de-projetos-antecipe-problemas-e-garanta-entregas-mais-eficientes\/#article\",\"isPartOf\":{\"@id\":\"https:\/\/coordly.co\/blog\/postura-ativa-na-coordenacao-de-projetos-antecipe-problemas-e-garanta-entregas-mais-eficientes\/\"},\"author\":{\"name\":\"admin\",\"@id\":\"https:\/\/coordly.co\/#\/schema\/person\/210e9009aed413d51acb010930197fd7\"},\"headline\":\"Postura ativa na coordena\u00e7\u00e3o de projetos: antecipe problemas e garanta entregas mais eficientes\",\"datePublished\":\"2025-04-25T19:20:39+00:00\",\"mainEntityOfPage\":{\"@id\":\"https:\/\/coordly.co\/blog\/postura-ativa-na-coordenacao-de-projetos-antecipe-problemas-e-garanta-entregas-mais-eficientes\/\"},\"wordCount\":1133,\"commentCount\":0,\"publisher\":{\"@id\":\"https:\/\/coordly.co\/#organization\"},\"image\":{\"@id\":\"https:\/\/coordly.co\/blog\/postura-ativa-na-coordenacao-de-projetos-antecipe-problemas-e-garanta-entregas-mais-eficientes\/#primaryimage\"},\"thumbnailUrl\":\"https:\/\/coordly.co\/wp-content\/uploads\/2025\/04\/postura-ativa-na-coordenacao.png\",\"articleSection\":[\"Coordena\u00e7\u00e3o de Projetos\",\"Funcionalidades da Coordly\"],\"inLanguage\":\"en-US\",\"potentialAction\":[{\"@type\":\"CommentAction\",\"name\":\"Comment\",\"target\":[\"https:\/\/coordly.co\/blog\/postura-ativa-na-coordenacao-de-projetos-antecipe-problemas-e-garanta-entregas-mais-eficientes\/#respond\"]}]},{\"@type\":\"WebPage\",\"@id\":\"https:\/\/coordly.co\/blog\/postura-ativa-na-coordenacao-de-projetos-antecipe-problemas-e-garanta-entregas-mais-eficientes\/\",\"url\":\"https:\/\/coordly.co\/blog\/postura-ativa-na-coordenacao-de-projetos-antecipe-problemas-e-garanta-entregas-mais-eficientes\/\",\"name\":\"Postura ativa na coordena\u00e7\u00e3o de projetos: antecipe problemas e garanta entregas mais eficientes - Coordly\",\"isPartOf\":{\"@id\":\"https:\/\/coordly.co\/#website\"},\"primaryImageOfPage\":{\"@id\":\"https:\/\/coordly.co\/blog\/postura-ativa-na-coordenacao-de-projetos-antecipe-problemas-e-garanta-entregas-mais-eficientes\/#primaryimage\"},\"image\":{\"@id\":\"https:\/\/coordly.co\/blog\/postura-ativa-na-coordenacao-de-projetos-antecipe-problemas-e-garanta-entregas-mais-eficientes\/#primaryimage\"},\"thumbnailUrl\":\"https:\/\/coordly.co\/wp-content\/uploads\/2025\/04\/postura-ativa-na-coordenacao.png\",\"datePublished\":\"2025-04-25T19:20:39+00:00\",\"inLanguage\":\"en-US\",\"potentialAction\":[{\"@type\":\"ReadAction\",\"target\":[\"https:\/\/coordly.co\/blog\/postura-ativa-na-coordenacao-de-projetos-antecipe-problemas-e-garanta-entregas-mais-eficientes\/\"]}]},{\"@type\":\"ImageObject\",\"inLanguage\":\"en-US\",\"@id\":\"https:\/\/coordly.co\/blog\/postura-ativa-na-coordenacao-de-projetos-antecipe-problemas-e-garanta-entregas-mais-eficientes\/#primaryimage\",\"url\":\"https:\/\/coordly.co\/wp-content\/uploads\/2025\/04\/postura-ativa-na-coordenacao.png\",\"contentUrl\":\"https:\/\/coordly.co\/wp-content\/uploads\/2025\/04\/postura-ativa-na-coordenacao.png\",\"width\":1920,\"height\":1080},{\"@type\":\"WebSite\",\"@id\":\"https:\/\/coordly.co\/#website\",\"url\":\"https:\/\/coordly.co\/\",\"name\":\"Coordly - Build it Better\",\"description\":\"Build it Better\",\"publisher\":{\"@id\":\"https:\/\/coordly.co\/#organization\"},\"alternateName\":\"Coordly\",\"potentialAction\":[{\"@type\":\"SearchAction\",\"target\":{\"@type\":\"EntryPoint\",\"urlTemplate\":\"https:\/\/coordly.co\/?s={search_term_string}\"},\"query-input\":{\"@type\":\"PropertyValueSpecification\",\"valueRequired\":true,\"valueName\":\"search_term_string\"}}],\"inLanguage\":\"en-US\"},{\"@type\":\"Organization\",\"@id\":\"https:\/\/coordly.co\/#organization\",\"name\":\"Coordly - Build it Better\",\"alternateName\":\"Coordly\",\"url\":\"https:\/\/coordly.co\/\",\"logo\":{\"@type\":\"ImageObject\",\"inLanguage\":\"en-US\",\"@id\":\"https:\/\/coordly.co\/#\/schema\/logo\/image\/\",\"url\":\"https:\/\/coordly.co\/wp-content\/uploads\/2024\/11\/Reducao-256px.png\",\"contentUrl\":\"https:\/\/coordly.co\/wp-content\/uploads\/2024\/11\/Reducao-256px.png\",\"width\":256,\"height\":256,\"caption\":\"Coordly - Build it Better\"},\"image\":{\"@id\":\"https:\/\/coordly.co\/#\/schema\/logo\/image\/\"}},{\"@type\":\"Person\",\"@id\":\"https:\/\/coordly.co\/#\/schema\/person\/210e9009aed413d51acb010930197fd7\",\"name\":\"admin\",\"sameAs\":[\"http:\/\/coordly.co\"]}]}<\/script>\n<!-- \/ Yoast SEO plugin. -->","yoast_head_json":{"title":"Postura ativa na coordena\u00e7\u00e3o de projetos: antecipe problemas e garanta entregas mais eficientes - Coordly","robots":{"index":"index","follow":"follow","max-snippet":"max-snippet:-1","max-image-preview":"max-image-preview:large","max-video-preview":"max-video-preview:-1"},"canonical":"https:\/\/coordly.co\/en\/blog\/postura-ativa-na-coordenacao-de-projetos-antecipe-problemas-e-garanta-entregas-mais-eficientes\/","og_locale":"en_US","og_type":"article","og_title":"Postura ativa na coordena\u00e7\u00e3o de projetos: antecipe problemas e garanta entregas mais eficientes - Coordly","og_description":"Na constru\u00e7\u00e3o civil, lidar com imprevistos, atrasos e retrabalho \u00e9 quase rotina. Mas, e se boa parte desses problemas pudessem ser evitados com algo mais simples do que parece?&nbsp; A verdade \u00e9 que muitos dos desafios enfrentados em obras e projetos t\u00eam origem na falta de clareza, comunica\u00e7\u00e3o truncada e na aus\u00eancia de um direcionamento [&hellip;]","og_url":"https:\/\/coordly.co\/en\/blog\/postura-ativa-na-coordenacao-de-projetos-antecipe-problemas-e-garanta-entregas-mais-eficientes\/","og_site_name":"Coordly","article_published_time":"2025-04-25T19:20:39+00:00","og_image":[{"width":1920,"height":1080,"url":"https:\/\/coordly.co\/wp-content\/uploads\/2025\/04\/postura-ativa-na-coordenacao.png","type":"image\/png"}],"author":"admin","twitter_card":"summary_large_image","twitter_misc":{"Written by":"admin","Est. reading time":"7 minutes"},"schema":{"@context":"https:\/\/schema.org","@graph":[{"@type":"Article","@id":"https:\/\/coordly.co\/blog\/postura-ativa-na-coordenacao-de-projetos-antecipe-problemas-e-garanta-entregas-mais-eficientes\/#article","isPartOf":{"@id":"https:\/\/coordly.co\/blog\/postura-ativa-na-coordenacao-de-projetos-antecipe-problemas-e-garanta-entregas-mais-eficientes\/"},"author":{"name":"admin","@id":"https:\/\/coordly.co\/#\/schema\/person\/210e9009aed413d51acb010930197fd7"},"headline":"Postura ativa na coordena\u00e7\u00e3o de projetos: antecipe problemas e garanta entregas mais eficientes","datePublished":"2025-04-25T19:20:39+00:00","mainEntityOfPage":{"@id":"https:\/\/coordly.co\/blog\/postura-ativa-na-coordenacao-de-projetos-antecipe-problemas-e-garanta-entregas-mais-eficientes\/"},"wordCount":1133,"commentCount":0,"publisher":{"@id":"https:\/\/coordly.co\/#organization"},"image":{"@id":"https:\/\/coordly.co\/blog\/postura-ativa-na-coordenacao-de-projetos-antecipe-problemas-e-garanta-entregas-mais-eficientes\/#primaryimage"},"thumbnailUrl":"https:\/\/coordly.co\/wp-content\/uploads\/2025\/04\/postura-ativa-na-coordenacao.png","articleSection":["Coordena\u00e7\u00e3o de Projetos","Funcionalidades da Coordly"],"inLanguage":"en-US","potentialAction":[{"@type":"CommentAction","name":"Comment","target":["https:\/\/coordly.co\/blog\/postura-ativa-na-coordenacao-de-projetos-antecipe-problemas-e-garanta-entregas-mais-eficientes\/#respond"]}]},{"@type":"WebPage","@id":"https:\/\/coordly.co\/blog\/postura-ativa-na-coordenacao-de-projetos-antecipe-problemas-e-garanta-entregas-mais-eficientes\/","url":"https:\/\/coordly.co\/blog\/postura-ativa-na-coordenacao-de-projetos-antecipe-problemas-e-garanta-entregas-mais-eficientes\/","name":"Postura ativa na coordena\u00e7\u00e3o de projetos: antecipe problemas e garanta entregas mais eficientes - Coordly","isPartOf":{"@id":"https:\/\/coordly.co\/#website"},"primaryImageOfPage":{"@id":"https:\/\/coordly.co\/blog\/postura-ativa-na-coordenacao-de-projetos-antecipe-problemas-e-garanta-entregas-mais-eficientes\/#primaryimage"},"image":{"@id":"https:\/\/coordly.co\/blog\/postura-ativa-na-coordenacao-de-projetos-antecipe-problemas-e-garanta-entregas-mais-eficientes\/#primaryimage"},"thumbnailUrl":"https:\/\/coordly.co\/wp-content\/uploads\/2025\/04\/postura-ativa-na-coordenacao.png","datePublished":"2025-04-25T19:20:39+00:00","inLanguage":"en-US","potentialAction":[{"@type":"ReadAction","target":["https:\/\/coordly.co\/blog\/postura-ativa-na-coordenacao-de-projetos-antecipe-problemas-e-garanta-entregas-mais-eficientes\/"]}]},{"@type":"ImageObject","inLanguage":"en-US","@id":"https:\/\/coordly.co\/blog\/postura-ativa-na-coordenacao-de-projetos-antecipe-problemas-e-garanta-entregas-mais-eficientes\/#primaryimage","url":"https:\/\/coordly.co\/wp-content\/uploads\/2025\/04\/postura-ativa-na-coordenacao.png","contentUrl":"https:\/\/coordly.co\/wp-content\/uploads\/2025\/04\/postura-ativa-na-coordenacao.png","width":1920,"height":1080},{"@type":"WebSite","@id":"https:\/\/coordly.co\/#website","url":"https:\/\/coordly.co\/","name":"Coordly - Build it Better","description":"Build it Better","publisher":{"@id":"https:\/\/coordly.co\/#organization"},"alternateName":"Coordly","potentialAction":[{"@type":"SearchAction","target":{"@type":"EntryPoint","urlTemplate":"https:\/\/coordly.co\/?s={search_term_string}"},"query-input":{"@type":"PropertyValueSpecification","valueRequired":true,"valueName":"search_term_string"}}],"inLanguage":"en-US"},{"@type":"Organization","@id":"https:\/\/coordly.co\/#organization","name":"Coordly - Build it Better","alternateName":"Coordly","url":"https:\/\/coordly.co\/","logo":{"@type":"ImageObject","inLanguage":"en-US","@id":"https:\/\/coordly.co\/#\/schema\/logo\/image\/","url":"https:\/\/coordly.co\/wp-content\/uploads\/2024\/11\/Reducao-256px.png","contentUrl":"https:\/\/coordly.co\/wp-content\/uploads\/2024\/11\/Reducao-256px.png","width":256,"height":256,"caption":"Coordly - Build it Better"},"image":{"@id":"https:\/\/coordly.co\/#\/schema\/logo\/image\/"}},{"@type":"Person","@id":"https:\/\/coordly.co\/#\/schema\/person\/210e9009aed413d51acb010930197fd7","name":"admin","sameAs":["http:\/\/coordly.co"]}]}},"_links":{"self":[{"href":"https:\/\/coordly.co\/en\/wp-json\/wp\/v2\/posts\/2109","targetHints":{"allow":["GET"]}}],"collection":[{"href":"https:\/\/coordly.co\/en\/wp-json\/wp\/v2\/posts"}],"about":[{"href":"https:\/\/coordly.co\/en\/wp-json\/wp\/v2\/types\/post"}],"author":[{"embeddable":true,"href":"https:\/\/coordly.co\/en\/wp-json\/wp\/v2\/users\/1"}],"replies":[{"embeddable":true,"href":"https:\/\/coordly.co\/en\/wp-json\/wp\/v2\/comments?post=2109"}],"version-history":[{"count":1,"href":"https:\/\/coordly.co\/en\/wp-json\/wp\/v2\/posts\/2109\/revisions"}],"predecessor-version":[{"id":2111,"href":"https:\/\/coordly.co\/en\/wp-json\/wp\/v2\/posts\/2109\/revisions\/2111"}],"wp:featuredmedia":[{"embeddable":true,"href":"https:\/\/coordly.co\/en\/wp-json\/wp\/v2\/media\/2112"}],"wp:attachment":[{"href":"https:\/\/coordly.co\/en\/wp-json\/wp\/v2\/media?parent=2109"}],"wp:term":[{"taxonomy":"category","embeddable":true,"href":"https:\/\/coordly.co\/en\/wp-json\/wp\/v2\/categories?post=2109"},{"taxonomy":"post_tag","embeddable":true,"href":"https:\/\/coordly.co\/en\/wp-json\/wp\/v2\/tags?post=2109"}],"curies":[{"name":"wp","href":"https:\/\/api.w.org\/{rel}","templated":true}]}}