{"id":2262,"date":"2025-06-16T18:05:55","date_gmt":"2025-06-16T21:05:55","guid":{"rendered":"https:\/\/coordly.co\/?p=2262"},"modified":"2025-06-16T18:05:56","modified_gmt":"2025-06-16T21:05:56","slug":"como-a-nova-lei-de-licitacoes-esta-transformando-o-uso-do-bim-nos-orcamentos-de-obras-publicas","status":"publish","type":"post","link":"https:\/\/coordly.co\/en\/blog\/como-a-nova-lei-de-licitacoes-esta-transformando-o-uso-do-bim-nos-orcamentos-de-obras-publicas\/","title":{"rendered":"Como a nova lei de licita\u00e7\u00f5es est\u00e1 transformando o uso do BIM nos or\u00e7amentos de obras p\u00fablicas"},"content":{"rendered":"<p><a href=\"https:\/\/www.fabriciobalestrin.com.br\/post\/como-a-nova-lei-de-licita%C3%A7%C3%B5es-est%C3%A1-transformando-o-uso-do-bim-nos-or%C3%A7amentos-de-obras-p%C3%BAblicas\" target=\"_blank\" rel=\"noreferrer noopener\">Eng\u00ba Fabr\u00edcio Balestrin<\/a><\/p>\n\n\n\n<p>Descubra como o BIM est\u00e1 revolucionando o or\u00e7amento de obras p\u00fablicas com base na nova Lei 14.133\/2021 e no Decreto 11.888\/2024.<\/p>\n\n\n\n<p id=\"viewer-8n4wg341\"><strong>Voc\u00ea sabia que a nova Lei de Licita\u00e7\u00f5es (Lei 14.133\/2021) j\u00e1 prev\u00ea o uso preferencial do BIM em obras p\u00fablicas?<\/strong><\/p>\n\n\n\n<p id=\"viewer-4sq0x343\">Isso muda tudo para quem atua com projetos, or\u00e7amentos e planejamento de obras. O BIM n\u00e3o \u00e9 apenas uma moderniza\u00e7\u00e3o t\u00e9cnica \u2014 ele representa uma mudan\u00e7a na l\u00f3gica de contrata\u00e7\u00e3o, execu\u00e7\u00e3o e controle de obras p\u00fablicas.<\/p>\n\n\n\n<p id=\"viewer-y8x7b345\">Neste artigo, voc\u00ea vai entender o que diz a lei, como o Governo Federal est\u00e1 incentivando a ado\u00e7\u00e3o do BIM, e como essa mudan\u00e7a impacta diretamente quem or\u00e7a, planeja e executa.<\/p>\n\n\n\n<p id=\"viewer-ovy9l860\"><strong>O que diz a nova Lei de Licita\u00e7\u00f5es sobre o BIM?<\/strong><\/p>\n\n\n\n<p id=\"viewer-oj09i1080\">A Lei n\u00ba 14.133\/2021, em seu <a target=\"_blank\" href=\"https:\/\/www.planalto.gov.br\/ccivil_03\/_ato2019-2022\/2021\/lei\/L14133.htm#art19\" rel=\"noreferrer noopener\"><u>Art. 19, \u00a73\u00ba<\/u><\/a>, determina:<\/p>\n\n\n\n<p id=\"viewer-hcy6h1082\"><em>\u201cNas licita\u00e7\u00f5es de obras e servi\u00e7os de engenharia e arquitetura, sempre que adequada ao objeto da licita\u00e7\u00e3o, ser\u00e1 preferencialmente adotada a Modelagem da Informa\u00e7\u00e3o da Constru\u00e7\u00e3o (Building Information Modelling \u2013 BIM) ou tecnologias e processos integrados similares ou mais avan\u00e7ados que venham a substitu\u00ed-la.\u201d<\/em><\/p>\n\n\n\n<p id=\"viewer-8i9cn2143\">Al\u00e9m disso, o <a target=\"_blank\" href=\"https:\/\/www.planalto.gov.br\/ccivil_03\/_Ato2023-2026\/2024\/Decreto\/D11888.htm\" rel=\"noreferrer noopener\"><u>Decreto n\u00ba 11.888\/2024<\/u><\/a> estabeleceu a ado\u00e7\u00e3o progressiva e obrigat\u00f3ria do uso do BIM no or\u00e7amento de obras p\u00fablicas no \u00e2mbito federal.<\/p>\n\n\n\n<p id=\"viewer-1kfbb2708\"><strong>O que \u00e9 BIM na pr\u00e1tica?<\/strong><\/p>\n\n\n\n<p id=\"viewer-svuhc3476\">Para quem nunca ouviu falar, parece digitaliza\u00e7\u00e3o de projeto, mas n\u00e3o \u00e9 s\u00f3 isso. No BIM, tudo \u00e9 conectado, do projeto estrutural at\u00e9 o or\u00e7amento. O <a target=\"_blank\" href=\"https:\/\/www.gov.br\/mdic\/pt-br\/assuntos\/noticias\/2023\/julho\/governo-vai-levar-construcao-mais-rapida-e-barata-as-grandes-obras-nacionais\" rel=\"noreferrer noopener\"><u>governo<\/u><\/a> enxerga nisso uma maneira de melhorar a qualidade das obras, reduzir desperd\u00edcios e dar mais clareza \u00e0s contas p\u00fablicas.<\/p>\n\n\n\n<p id=\"viewer-uws7l3924\">A primeira sensa\u00e7\u00e3o: tudo fica mais integrado. N\u00e3o existe mais a divis\u00e3o entre \u201cquem projeta\u201d e \u201cquem or\u00e7a\u201d num abismo de vers\u00f5es diferentes. Agora, o modelo BIM j\u00e1 nasce preparado para alimentar o or\u00e7amento. Notou algum erro no quantitativo? Corrige no modelo e pronto, toda a estimativa se atualiza.<\/p>\n\n\n\n<p id=\"viewer-as8rz3927\">Your <a target=\"_blank\" href=\"https:\/\/cbic.org.br\/obras-industriais\/2025\/04\/09\/na-reforma-do-tjmg-uso-do-bim-gerou-economia-de-tempo-e-custos\/\" rel=\"noreferrer noopener\"><u>reforma do Tribunal de Justi\u00e7a de Minas Gerais<\/u><\/a> mostrou isso na pr\u00e1tica: redu\u00e7\u00e3o de quase R$ 3 milh\u00f5es e 150 dias a menos s\u00f3 no planejamento da rede el\u00e9trica, gra\u00e7as ao BIM. O diretor respons\u00e1vel comentou como a confian\u00e7a nos dados disparou. Ou seja, menos improviso, menos surpresa no or\u00e7amento e mais previsibilidade para licita\u00e7\u00f5es e contrata\u00e7\u00f5es.<\/p>\n\n\n\n<ul class=\"wp-block-list\">\n<li><strong>Modelagem 3D detalhada:<\/strong> faz com que \u00e1reas e volumes fiquem mais f\u00e1ceis de ser quantificados; menos erro humano.<\/li>\n\n\n\n<li><strong>Or\u00e7amento vinculado ao modelo:<\/strong> qualquer altera\u00e7\u00e3o de projeto reflete direto nos dados de custos, sem digita\u00e7\u00e3o manual.<\/li>\n\n\n\n<li><strong>Simula\u00e7\u00f5es de cen\u00e1rios:<\/strong> testar alternativas antes de fechar a planilha ajuda a identificar onde cortar custos ou investir mais.<\/li>\n\n\n\n<li><strong>Hist\u00f3rico rastre\u00e1vel:<\/strong> todas as altera\u00e7\u00f5es de projeto ficam registradas, o que ajuda no acompanhamento do or\u00e7amento do in\u00edcio ao fim.<\/li>\n<\/ul>\n\n\n\n<p id=\"viewer-bcv9a461\">E para que tudo isso funcione de forma eficiente, \u00e9 fundamental contar com um Ambiente Comum de Dados (CDE) \u2014 uma estrutura digital centralizada onde todos os envolvidos na obra acessam os mesmos arquivos, modelos e informa\u00e7\u00f5es, sempre atualizados. Plataformas como a <a target=\"_blank\" href=\"https:\/\/coordly.co\/blog\/ambiente-comum-de-dados\/\" rel=\"noreferrer noopener\"><u>Coordly<\/u><\/a> t\u00eam se destacado nesse cen\u00e1rio, oferecendo uma solu\u00e7\u00e3o pr\u00e1tica para organizar e distribuir documentos, desenhos e vers\u00f5es de projeto, garantindo que engenheiros, or\u00e7amentistas e gestores trabalhem sempre com os dados corretos. Ao integrar o <a target=\"_blank\" href=\"https:\/\/coordly.co\/#inicio\" rel=\"noreferrer noopener\"><u>CDE <\/u><\/a>ao fluxo do BIM, evita-se retrabalho, reduz-se a perda de informa\u00e7\u00e3o e fortalece-se a rastreabilidade em cada etapa da obra.<\/p>\n\n\n\n<p id=\"viewer-nkwvm5632\"><strong>O impacto para profissionais e estudantes<\/strong><\/p>\n\n\n\n<p id=\"viewer-9be5w6094\">Quem trabalha com or\u00e7amento sabe: errar no quantitativo derruba qualquer planejamento. E, se isso j\u00e1 era preocupante, agora, com modelos mais detalhados e exig\u00eancias legais, a cobran\u00e7a cresce. O BIM traz uma seguran\u00e7a maior, mas cobra tamb\u00e9m prepara\u00e7\u00e3o.<\/p>\n\n\n\n<p id=\"viewer-153w06097\">Segundo o <a target=\"_blank\" href=\"https:\/\/caubr.gov.br\/transformando-cidades-o-impacto-do-bim-na-arquitetura-e-urbanismo\/\" rel=\"noreferrer noopener\"><u>CAU\/BR<\/u><\/a>, criar modelos digitais detalhados reduz erros, retrabalhos e desperd\u00edcios. Mas adotar BIM exige profissionais que saibam cruzar dados, interpretar relat\u00f3rios, parametrizar modelos. N\u00e3o \u00e9 o tipo de conhecimento que se pega vendo v\u00eddeo curto na internet \u2014 precisa pr\u00e1tica e orienta\u00e7\u00e3o. A\u00ed entra a diferen\u00e7a de projetos como o EAPBIM, que unem did\u00e1tica clara e linguagem simples com a rotina real do canteiro de obras.<\/p>\n\n\n\n<ul class=\"wp-block-list\">\n<li>Profissionais experientes podem atualizar seus m\u00e9todos para atender contratos cada vez mais exigentes.<\/li>\n\n\n\n<li>Estudantes t\u00eam chance de sair da faculdade j\u00e1 prontos para disputar grandes licita\u00e7\u00f5es.<\/li>\n\n\n\n<li>Quem aprende a aplicar BIM corretamente ganha destaque r\u00e1pido e evita cair em promessas milagrosas de cursos rasos.<\/li>\n<\/ul>\n\n\n\n<p>Quem domina or\u00e7amento com BIM cria oportunidades onde outros veem problemas.<\/p>\n\n\n\n<p id=\"viewer-vjueo7086\"><strong>Como se preparar para as novas exig\u00eancias<\/strong><\/p>\n\n\n\n<p id=\"viewer-t7hwg7088\">E agora? O que muda na pr\u00e1tica para quem est\u00e1 come\u00e7ando ou precisa se atualizar? A mudan\u00e7a pode parecer grande, mas pode ser feita em etapas.<\/p>\n\n\n\n<ul class=\"wp-block-list\">\n<li><strong>Revisar processos atuais:<\/strong> Identifique onde a coleta e atualiza\u00e7\u00e3o de quantitativos d\u00e3o mais trabalho.<\/li>\n\n\n\n<li><strong>Aprender o b\u00e1sico do BIM:<\/strong> N\u00e3o precisa ser expert; comece entendendo os conceitos e como eles cruzam com o or\u00e7amento.<\/li>\n\n\n\n<li><strong>Praticar a conex\u00e3o com a EAP:<\/strong> Relacione elementos do modelo digital \u00e0 estrutura anal\u00edtica real do seu projeto.<\/li>\n\n\n\n<li><strong>Escolher a forma\u00e7\u00e3o certa:<\/strong> Opte por treinamentos que falam a sua l\u00edngua e mostram problemas reais.<\/li>\n<\/ul>\n\n\n\n<p id=\"viewer-ia7pr11425\"><strong>Transpar\u00eancia, controle e menos desperd\u00edcio<\/strong><\/p>\n\n\n\n<p id=\"viewer-ll43v11427\">Pode parecer exagero, mas tem muita gente apostando que a ado\u00e7\u00e3o maior do BIM no or\u00e7amento pode transformar a contrata\u00e7\u00e3o p\u00fablica no pa\u00eds. J\u00e1 existem resultados, como vimos em obras importantes, mostrando ganhos diretos em tempo e custos (caso do TJMG).<\/p>\n\n\n\n<p id=\"viewer-ars3z11430\">O Minist\u00e9rio da Ind\u00fastria afirma que isso aumenta a confiabilidade das estimativas, controle de prazos e transpar\u00eancia nos contratos (<a target=\"_blank\" href=\"https:\/\/cbic.org.br\/setor-da-construcao-enxerga-bim-como-oportunidade-para-inovar-a-industria-da-construcao-e-aumentar-a-transparencia-das-compras-publicas\/\" rel=\"noreferrer noopener\"><u>leia mais aqui<\/u><\/a>). N\u00e3o \u00e9 pouca coisa, principalmente se olharmos para o hist\u00f3rico recente de licita\u00e7\u00f5es no Brasil.<\/p>\n\n\n\n<p id=\"viewer-b0d0a12691\"><strong>Conclus\u00e3o: \u00e9 hora de agir<\/strong><\/p>\n\n\n\n<p id=\"viewer-f559112470\">O BIM n\u00e3o \u00e9 mais futuro \u2014 est\u00e1 no presente das obras p\u00fablicas e privadas. A nova legisla\u00e7\u00e3o apertou o passo, e quem enxergou isso est\u00e1 saindo na frente. Mas isso n\u00e3o quer dizer que basta conhecer o software ou seguir modismos. O que faz diferen\u00e7a \u00e9 saber aplicar, interpretar, e estruturar o or\u00e7amento do jeito certo.<\/p>\n\n\n\n<p><\/p>","protected":false},"excerpt":{"rendered":"<p>Eng\u00ba Fabr\u00edcio Balestrin Descubra como o BIM est\u00e1 revolucionando o or\u00e7amento de obras p\u00fablicas com base na nova Lei 14.133\/2021 e no Decreto 11.888\/2024. Voc\u00ea sabia que a nova Lei de Licita\u00e7\u00f5es (Lei 14.133\/2021) j\u00e1 prev\u00ea o uso preferencial do BIM em obras p\u00fablicas? Isso muda tudo para quem atua com projetos, or\u00e7amentos e planejamento [&hellip;]<\/p>","protected":false},"author":1,"featured_media":2265,"comment_status":"open","ping_status":"open","sticky":false,"template":"","format":"standard","meta":{"footnotes":""},"categories":[61,66],"tags":[],"class_list":["post-2262","post","type-post","status-publish","format-standard","has-post-thumbnail","hentry","category-bim-na-pratica","category-normas-e-conformidade"],"yoast_head":"<!-- This site is optimized with the Yoast SEO plugin v26.9 - https:\/\/yoast.com\/product\/yoast-seo-wordpress\/ -->\n<title>Como a nova lei de licita\u00e7\u00f5es est\u00e1 transformando o uso do BIM nos or\u00e7amentos de obras p\u00fablicas - Coordly<\/title>\n<meta name=\"robots\" content=\"index, follow, max-snippet:-1, max-image-preview:large, max-video-preview:-1\" \/>\n<link rel=\"canonical\" href=\"https:\/\/coordly.co\/en\/blog\/como-a-nova-lei-de-licitacoes-esta-transformando-o-uso-do-bim-nos-orcamentos-de-obras-publicas\/\" \/>\n<meta property=\"og:locale\" content=\"en_US\" \/>\n<meta property=\"og:type\" content=\"article\" \/>\n<meta property=\"og:title\" content=\"Como a nova lei de licita\u00e7\u00f5es est\u00e1 transformando o uso do BIM nos or\u00e7amentos de obras p\u00fablicas - Coordly\" \/>\n<meta property=\"og:description\" content=\"Eng\u00ba Fabr\u00edcio Balestrin Descubra como o BIM est\u00e1 revolucionando o or\u00e7amento de obras p\u00fablicas com base na nova Lei 14.133\/2021 e no Decreto 11.888\/2024. Voc\u00ea sabia que a nova Lei de Licita\u00e7\u00f5es (Lei 14.133\/2021) j\u00e1 prev\u00ea o uso preferencial do BIM em obras p\u00fablicas? Isso muda tudo para quem atua com projetos, or\u00e7amentos e planejamento [&hellip;]\" \/>\n<meta property=\"og:url\" content=\"https:\/\/coordly.co\/en\/blog\/como-a-nova-lei-de-licitacoes-esta-transformando-o-uso-do-bim-nos-orcamentos-de-obras-publicas\/\" \/>\n<meta property=\"og:site_name\" content=\"Coordly\" \/>\n<meta property=\"article:published_time\" content=\"2025-06-16T21:05:55+00:00\" \/>\n<meta property=\"article:modified_time\" content=\"2025-06-16T21:05:56+00:00\" \/>\n<meta property=\"og:image\" content=\"https:\/\/coordly.co\/wp-content\/uploads\/2025\/06\/llbim.png\" \/>\n\t<meta property=\"og:image:width\" content=\"1920\" \/>\n\t<meta property=\"og:image:height\" content=\"1080\" \/>\n\t<meta property=\"og:image:type\" content=\"image\/png\" \/>\n<meta name=\"author\" content=\"admin\" \/>\n<meta name=\"twitter:card\" content=\"summary_large_image\" \/>\n<meta name=\"twitter:label1\" content=\"Written by\" \/>\n\t<meta name=\"twitter:data1\" content=\"admin\" \/>\n\t<meta name=\"twitter:label2\" content=\"Est. reading time\" \/>\n\t<meta name=\"twitter:data2\" content=\"6 minutes\" \/>\n<script type=\"application\/ld+json\" class=\"yoast-schema-graph\">{\"@context\":\"https:\/\/schema.org\",\"@graph\":[{\"@type\":\"Article\",\"@id\":\"https:\/\/coordly.co\/blog\/como-a-nova-lei-de-licitacoes-esta-transformando-o-uso-do-bim-nos-orcamentos-de-obras-publicas\/#article\",\"isPartOf\":{\"@id\":\"https:\/\/coordly.co\/blog\/como-a-nova-lei-de-licitacoes-esta-transformando-o-uso-do-bim-nos-orcamentos-de-obras-publicas\/\"},\"author\":{\"name\":\"admin\",\"@id\":\"https:\/\/coordly.co\/#\/schema\/person\/210e9009aed413d51acb010930197fd7\"},\"headline\":\"Como a nova lei de licita\u00e7\u00f5es est\u00e1 transformando o uso do BIM nos or\u00e7amentos de obras p\u00fablicas\",\"datePublished\":\"2025-06-16T21:05:55+00:00\",\"dateModified\":\"2025-06-16T21:05:56+00:00\",\"mainEntityOfPage\":{\"@id\":\"https:\/\/coordly.co\/blog\/como-a-nova-lei-de-licitacoes-esta-transformando-o-uso-do-bim-nos-orcamentos-de-obras-publicas\/\"},\"wordCount\":1064,\"commentCount\":0,\"publisher\":{\"@id\":\"https:\/\/coordly.co\/#organization\"},\"image\":{\"@id\":\"https:\/\/coordly.co\/blog\/como-a-nova-lei-de-licitacoes-esta-transformando-o-uso-do-bim-nos-orcamentos-de-obras-publicas\/#primaryimage\"},\"thumbnailUrl\":\"https:\/\/coordly.co\/wp-content\/uploads\/2025\/06\/llbim.png\",\"articleSection\":[\"BIM na Pr\u00e1tica\",\"Normas e Conformidade\"],\"inLanguage\":\"en-US\",\"potentialAction\":[{\"@type\":\"CommentAction\",\"name\":\"Comment\",\"target\":[\"https:\/\/coordly.co\/blog\/como-a-nova-lei-de-licitacoes-esta-transformando-o-uso-do-bim-nos-orcamentos-de-obras-publicas\/#respond\"]}]},{\"@type\":\"WebPage\",\"@id\":\"https:\/\/coordly.co\/blog\/como-a-nova-lei-de-licitacoes-esta-transformando-o-uso-do-bim-nos-orcamentos-de-obras-publicas\/\",\"url\":\"https:\/\/coordly.co\/blog\/como-a-nova-lei-de-licitacoes-esta-transformando-o-uso-do-bim-nos-orcamentos-de-obras-publicas\/\",\"name\":\"Como a nova lei de licita\u00e7\u00f5es est\u00e1 transformando o uso do BIM nos or\u00e7amentos de obras p\u00fablicas - Coordly\",\"isPartOf\":{\"@id\":\"https:\/\/coordly.co\/#website\"},\"primaryImageOfPage\":{\"@id\":\"https:\/\/coordly.co\/blog\/como-a-nova-lei-de-licitacoes-esta-transformando-o-uso-do-bim-nos-orcamentos-de-obras-publicas\/#primaryimage\"},\"image\":{\"@id\":\"https:\/\/coordly.co\/blog\/como-a-nova-lei-de-licitacoes-esta-transformando-o-uso-do-bim-nos-orcamentos-de-obras-publicas\/#primaryimage\"},\"thumbnailUrl\":\"https:\/\/coordly.co\/wp-content\/uploads\/2025\/06\/llbim.png\",\"datePublished\":\"2025-06-16T21:05:55+00:00\",\"dateModified\":\"2025-06-16T21:05:56+00:00\",\"inLanguage\":\"en-US\",\"potentialAction\":[{\"@type\":\"ReadAction\",\"target\":[\"https:\/\/coordly.co\/blog\/como-a-nova-lei-de-licitacoes-esta-transformando-o-uso-do-bim-nos-orcamentos-de-obras-publicas\/\"]}]},{\"@type\":\"ImageObject\",\"inLanguage\":\"en-US\",\"@id\":\"https:\/\/coordly.co\/blog\/como-a-nova-lei-de-licitacoes-esta-transformando-o-uso-do-bim-nos-orcamentos-de-obras-publicas\/#primaryimage\",\"url\":\"https:\/\/coordly.co\/wp-content\/uploads\/2025\/06\/llbim.png\",\"contentUrl\":\"https:\/\/coordly.co\/wp-content\/uploads\/2025\/06\/llbim.png\",\"width\":1920,\"height\":1080},{\"@type\":\"WebSite\",\"@id\":\"https:\/\/coordly.co\/#website\",\"url\":\"https:\/\/coordly.co\/\",\"name\":\"Coordly - Build it Better\",\"description\":\"Build it Better\",\"publisher\":{\"@id\":\"https:\/\/coordly.co\/#organization\"},\"alternateName\":\"Coordly\",\"potentialAction\":[{\"@type\":\"SearchAction\",\"target\":{\"@type\":\"EntryPoint\",\"urlTemplate\":\"https:\/\/coordly.co\/?s={search_term_string}\"},\"query-input\":{\"@type\":\"PropertyValueSpecification\",\"valueRequired\":true,\"valueName\":\"search_term_string\"}}],\"inLanguage\":\"en-US\"},{\"@type\":\"Organization\",\"@id\":\"https:\/\/coordly.co\/#organization\",\"name\":\"Coordly - Build it Better\",\"alternateName\":\"Coordly\",\"url\":\"https:\/\/coordly.co\/\",\"logo\":{\"@type\":\"ImageObject\",\"inLanguage\":\"en-US\",\"@id\":\"https:\/\/coordly.co\/#\/schema\/logo\/image\/\",\"url\":\"https:\/\/coordly.co\/wp-content\/uploads\/2024\/11\/Reducao-256px.png\",\"contentUrl\":\"https:\/\/coordly.co\/wp-content\/uploads\/2024\/11\/Reducao-256px.png\",\"width\":256,\"height\":256,\"caption\":\"Coordly - Build it Better\"},\"image\":{\"@id\":\"https:\/\/coordly.co\/#\/schema\/logo\/image\/\"}},{\"@type\":\"Person\",\"@id\":\"https:\/\/coordly.co\/#\/schema\/person\/210e9009aed413d51acb010930197fd7\",\"name\":\"admin\",\"sameAs\":[\"http:\/\/coordly.co\"]}]}<\/script>\n<!-- \/ Yoast SEO plugin. -->","yoast_head_json":{"title":"Como a nova lei de licita\u00e7\u00f5es est\u00e1 transformando o uso do BIM nos or\u00e7amentos de obras p\u00fablicas - Coordly","robots":{"index":"index","follow":"follow","max-snippet":"max-snippet:-1","max-image-preview":"max-image-preview:large","max-video-preview":"max-video-preview:-1"},"canonical":"https:\/\/coordly.co\/en\/blog\/como-a-nova-lei-de-licitacoes-esta-transformando-o-uso-do-bim-nos-orcamentos-de-obras-publicas\/","og_locale":"en_US","og_type":"article","og_title":"Como a nova lei de licita\u00e7\u00f5es est\u00e1 transformando o uso do BIM nos or\u00e7amentos de obras p\u00fablicas - Coordly","og_description":"Eng\u00ba Fabr\u00edcio Balestrin Descubra como o BIM est\u00e1 revolucionando o or\u00e7amento de obras p\u00fablicas com base na nova Lei 14.133\/2021 e no Decreto 11.888\/2024. Voc\u00ea sabia que a nova Lei de Licita\u00e7\u00f5es (Lei 14.133\/2021) j\u00e1 prev\u00ea o uso preferencial do BIM em obras p\u00fablicas? Isso muda tudo para quem atua com projetos, or\u00e7amentos e planejamento [&hellip;]","og_url":"https:\/\/coordly.co\/en\/blog\/como-a-nova-lei-de-licitacoes-esta-transformando-o-uso-do-bim-nos-orcamentos-de-obras-publicas\/","og_site_name":"Coordly","article_published_time":"2025-06-16T21:05:55+00:00","article_modified_time":"2025-06-16T21:05:56+00:00","og_image":[{"width":1920,"height":1080,"url":"https:\/\/coordly.co\/wp-content\/uploads\/2025\/06\/llbim.png","type":"image\/png"}],"author":"admin","twitter_card":"summary_large_image","twitter_misc":{"Written by":"admin","Est. reading time":"6 minutes"},"schema":{"@context":"https:\/\/schema.org","@graph":[{"@type":"Article","@id":"https:\/\/coordly.co\/blog\/como-a-nova-lei-de-licitacoes-esta-transformando-o-uso-do-bim-nos-orcamentos-de-obras-publicas\/#article","isPartOf":{"@id":"https:\/\/coordly.co\/blog\/como-a-nova-lei-de-licitacoes-esta-transformando-o-uso-do-bim-nos-orcamentos-de-obras-publicas\/"},"author":{"name":"admin","@id":"https:\/\/coordly.co\/#\/schema\/person\/210e9009aed413d51acb010930197fd7"},"headline":"Como a nova lei de licita\u00e7\u00f5es est\u00e1 transformando o uso do BIM nos or\u00e7amentos de obras p\u00fablicas","datePublished":"2025-06-16T21:05:55+00:00","dateModified":"2025-06-16T21:05:56+00:00","mainEntityOfPage":{"@id":"https:\/\/coordly.co\/blog\/como-a-nova-lei-de-licitacoes-esta-transformando-o-uso-do-bim-nos-orcamentos-de-obras-publicas\/"},"wordCount":1064,"commentCount":0,"publisher":{"@id":"https:\/\/coordly.co\/#organization"},"image":{"@id":"https:\/\/coordly.co\/blog\/como-a-nova-lei-de-licitacoes-esta-transformando-o-uso-do-bim-nos-orcamentos-de-obras-publicas\/#primaryimage"},"thumbnailUrl":"https:\/\/coordly.co\/wp-content\/uploads\/2025\/06\/llbim.png","articleSection":["BIM na Pr\u00e1tica","Normas e Conformidade"],"inLanguage":"en-US","potentialAction":[{"@type":"CommentAction","name":"Comment","target":["https:\/\/coordly.co\/blog\/como-a-nova-lei-de-licitacoes-esta-transformando-o-uso-do-bim-nos-orcamentos-de-obras-publicas\/#respond"]}]},{"@type":"WebPage","@id":"https:\/\/coordly.co\/blog\/como-a-nova-lei-de-licitacoes-esta-transformando-o-uso-do-bim-nos-orcamentos-de-obras-publicas\/","url":"https:\/\/coordly.co\/blog\/como-a-nova-lei-de-licitacoes-esta-transformando-o-uso-do-bim-nos-orcamentos-de-obras-publicas\/","name":"Como a nova lei de licita\u00e7\u00f5es est\u00e1 transformando o uso do BIM nos or\u00e7amentos de obras p\u00fablicas - Coordly","isPartOf":{"@id":"https:\/\/coordly.co\/#website"},"primaryImageOfPage":{"@id":"https:\/\/coordly.co\/blog\/como-a-nova-lei-de-licitacoes-esta-transformando-o-uso-do-bim-nos-orcamentos-de-obras-publicas\/#primaryimage"},"image":{"@id":"https:\/\/coordly.co\/blog\/como-a-nova-lei-de-licitacoes-esta-transformando-o-uso-do-bim-nos-orcamentos-de-obras-publicas\/#primaryimage"},"thumbnailUrl":"https:\/\/coordly.co\/wp-content\/uploads\/2025\/06\/llbim.png","datePublished":"2025-06-16T21:05:55+00:00","dateModified":"2025-06-16T21:05:56+00:00","inLanguage":"en-US","potentialAction":[{"@type":"ReadAction","target":["https:\/\/coordly.co\/blog\/como-a-nova-lei-de-licitacoes-esta-transformando-o-uso-do-bim-nos-orcamentos-de-obras-publicas\/"]}]},{"@type":"ImageObject","inLanguage":"en-US","@id":"https:\/\/coordly.co\/blog\/como-a-nova-lei-de-licitacoes-esta-transformando-o-uso-do-bim-nos-orcamentos-de-obras-publicas\/#primaryimage","url":"https:\/\/coordly.co\/wp-content\/uploads\/2025\/06\/llbim.png","contentUrl":"https:\/\/coordly.co\/wp-content\/uploads\/2025\/06\/llbim.png","width":1920,"height":1080},{"@type":"WebSite","@id":"https:\/\/coordly.co\/#website","url":"https:\/\/coordly.co\/","name":"Coordly - Build it Better","description":"Build it Better","publisher":{"@id":"https:\/\/coordly.co\/#organization"},"alternateName":"Coordly","potentialAction":[{"@type":"SearchAction","target":{"@type":"EntryPoint","urlTemplate":"https:\/\/coordly.co\/?s={search_term_string}"},"query-input":{"@type":"PropertyValueSpecification","valueRequired":true,"valueName":"search_term_string"}}],"inLanguage":"en-US"},{"@type":"Organization","@id":"https:\/\/coordly.co\/#organization","name":"Coordly - Build it Better","alternateName":"Coordly","url":"https:\/\/coordly.co\/","logo":{"@type":"ImageObject","inLanguage":"en-US","@id":"https:\/\/coordly.co\/#\/schema\/logo\/image\/","url":"https:\/\/coordly.co\/wp-content\/uploads\/2024\/11\/Reducao-256px.png","contentUrl":"https:\/\/coordly.co\/wp-content\/uploads\/2024\/11\/Reducao-256px.png","width":256,"height":256,"caption":"Coordly - Build it Better"},"image":{"@id":"https:\/\/coordly.co\/#\/schema\/logo\/image\/"}},{"@type":"Person","@id":"https:\/\/coordly.co\/#\/schema\/person\/210e9009aed413d51acb010930197fd7","name":"admin","sameAs":["http:\/\/coordly.co"]}]}},"_links":{"self":[{"href":"https:\/\/coordly.co\/en\/wp-json\/wp\/v2\/posts\/2262","targetHints":{"allow":["GET"]}}],"collection":[{"href":"https:\/\/coordly.co\/en\/wp-json\/wp\/v2\/posts"}],"about":[{"href":"https:\/\/coordly.co\/en\/wp-json\/wp\/v2\/types\/post"}],"author":[{"embeddable":true,"href":"https:\/\/coordly.co\/en\/wp-json\/wp\/v2\/users\/1"}],"replies":[{"embeddable":true,"href":"https:\/\/coordly.co\/en\/wp-json\/wp\/v2\/comments?post=2262"}],"version-history":[{"count":2,"href":"https:\/\/coordly.co\/en\/wp-json\/wp\/v2\/posts\/2262\/revisions"}],"predecessor-version":[{"id":2264,"href":"https:\/\/coordly.co\/en\/wp-json\/wp\/v2\/posts\/2262\/revisions\/2264"}],"wp:featuredmedia":[{"embeddable":true,"href":"https:\/\/coordly.co\/en\/wp-json\/wp\/v2\/media\/2265"}],"wp:attachment":[{"href":"https:\/\/coordly.co\/en\/wp-json\/wp\/v2\/media?parent=2262"}],"wp:term":[{"taxonomy":"category","embeddable":true,"href":"https:\/\/coordly.co\/en\/wp-json\/wp\/v2\/categories?post=2262"},{"taxonomy":"post_tag","embeddable":true,"href":"https:\/\/coordly.co\/en\/wp-json\/wp\/v2\/tags?post=2262"}],"curies":[{"name":"wp","href":"https:\/\/api.w.org\/{rel}","templated":true}]}}