{"id":2356,"date":"2025-07-10T15:19:21","date_gmt":"2025-07-10T18:19:21","guid":{"rendered":"https:\/\/coordly.co\/?p=2356"},"modified":"2025-07-15T12:08:45","modified_gmt":"2025-07-15T15:08:45","slug":"bim-alem-dos-ds-por-que-a-classificacao-de-dimensoes-pode-estar-atrapalhando-sua-estrategia","status":"publish","type":"post","link":"https:\/\/coordly.co\/en\/blog\/bim-alem-dos-ds-por-que-a-classificacao-de-dimensoes-pode-estar-atrapalhando-sua-estrategia\/","title":{"rendered":"BIM al\u00e9m dos &#8220;Ds&#8221;: por que a classifica\u00e7\u00e3o de dimens\u00f5es pode estar atrapalhando sua estrat\u00e9gia"},"content":{"rendered":"<p>A modelagem da informa\u00e7\u00e3o na constru\u00e7\u00e3o (BIM) trouxe avan\u00e7os indiscut\u00edveis para o setor. No entanto, ao longo dos anos, surgiram interpreta\u00e7\u00f5es que podem estar afastando profissionais do foco real dessa metodologia.&nbsp;<\/p>\n\n\n\n<p>Uma delas \u00e9 a crescente obsess\u00e3o pelos chamados &#8220;Ds&#8221; do BIM.<\/p>\n\n\n\n<p>Se voc\u00ea trabalha com projetos, provavelmente j\u00e1 ouviu falar em 3D, 4D, 5D&#8230; at\u00e9 10D. Cada letra adicionada representa uma nova camada de dados ou uma funcionalidade diferente dentro do modelo.&nbsp;<\/p>\n\n\n\n<p>Mas ser\u00e1 que essa nomenclatura ajuda de fato? Ou est\u00e1 virando uma distra\u00e7\u00e3o que distancia a equipe dos resultados pr\u00e1ticos?<\/p>\n\n\n\n<p>Hoje, vamos analisar com profundidade por que a &#8220;contagem de dimens\u00f5es&#8221; pode estar atrapalhando sua estrat\u00e9gia BIM \u2014 e como uma abordagem centrada em <strong>Usos BIM<\/strong> pode ser mais eficiente e orientada a resultados.<\/p>\n\n\n\n<h2 class=\"wp-block-heading\"><strong>O que s\u00e3o os &#8220;Ds&#8221; do BIM?<\/strong><\/h2>\n\n\n\n<p>Os &#8220;Ds&#8221; representam dimens\u00f5es adicionais atribu\u00eddas ao modelo 3D, associando a ele novos tipos de informa\u00e7\u00e3o. De forma geral, os mais aceitos s\u00e3o:<\/p>\n\n\n\n<ul class=\"wp-block-list\">\n<li><strong>3D:<\/strong> a modelagem tridimensional geom\u00e9trica<br><\/li>\n\n\n\n<li><strong>4D:<\/strong> tempo (cronograma da obra)<br><\/li>\n\n\n\n<li><strong>5D:<\/strong> custo (or\u00e7amento vinculado ao modelo)<br><\/li>\n\n\n\n<li><strong>6D:<\/strong> sustentabilidade (an\u00e1lises ambientais)<br><\/li>\n\n\n\n<li><strong>7D:<\/strong> opera\u00e7\u00e3o e manuten\u00e7\u00e3o<br><\/li>\n<\/ul>\n\n\n\n<p>A partir da\u00ed, surgiram outras propostas, como 8D (seguran\u00e7a), 9D (Lean Construction) e at\u00e9 10D (industrializa\u00e7\u00e3o). Em alguns f\u00f3runs internacionais, j\u00e1 se fala em 11D, 12D&#8230;<\/p>\n\n\n\n<p>A inten\u00e7\u00e3o original era boa: organizar os diferentes tipos de informa\u00e7\u00e3o vinculados ao modelo BIM. O problema \u00e9 que, na pr\u00e1tica, essa l\u00f3gica <strong>virou uma corrida por etiquetas<\/strong>.<\/p>\n\n\n\n<h2 class=\"wp-block-heading\"><strong>As armadilhas da abordagem dimensional<\/strong><\/h2>\n\n\n\n<p>Embora os &#8220;Ds&#8221; tenham se tornado populares, h\u00e1 riscos claros em adot\u00e1-los como m\u00e9trica de maturidade BIM. Vamos analisar os principais:<\/p>\n\n\n\n<h4 class=\"wp-block-heading\"><strong>1. Falta de padroniza\u00e7\u00e3o global<\/strong><\/h4>\n\n\n\n<p>Enquanto 4D e 5D t\u00eam aplica\u00e7\u00f5es mais consensuais, os demais s\u00e3o interpretados de forma diferente por empresas, pa\u00edses e plataformas. O que \u00e9 7D para uma organiza\u00e7\u00e3o pode ser 6D para outra. N\u00e3o existe uma norma ISO que reconhe\u00e7a oficialmente todos esses n\u00edveis. O resultado? Confus\u00e3o generalizada.<\/p>\n\n\n\n<h4 class=\"wp-block-heading\"><strong>2. Confus\u00e3o entre conceitos, aplica\u00e7\u00f5es e ferramentas<\/strong><\/h4>\n\n\n\n<p>Muitas vezes, as chamadas dimens\u00f5es misturam <strong>objetivos de projeto<\/strong> com <strong>tecnologias espec\u00edficas<\/strong>. Por exemplo, associar Lean Construction ao 9D n\u00e3o faz sentido t\u00e9cnico \u2014 Lean \u00e9 uma filosofia de gest\u00e3o que pode ser aplicada com ou sem BIM.<\/p>\n\n\n\n<p>O mesmo vale para sustentabilidade ou seguran\u00e7a. Elas s\u00e3o prioridades transversais, que devem estar presentes em todas as fases, n\u00e3o encaixadas em um r\u00f3tulo dimensional.<\/p>\n\n\n\n<h4 class=\"wp-block-heading\"><strong>3. Foco na forma, n\u00e3o na fun\u00e7\u00e3o<\/strong><\/h4>\n\n\n\n<p>A consequ\u00eancia mais grave \u00e9 desviar a aten\u00e7\u00e3o do que realmente importa: <strong>como o BIM est\u00e1 sendo aplicado para resolver problemas concretos<\/strong>. J\u00e1 vimos equipes investirem em 7D e 8D sem dominar plenamente o 4D ou o 5D. Essa pressa por parecer &#8220;avan\u00e7ado&#8221; compromete a qualidade do processo.<\/p>\n\n\n\n<h2 class=\"wp-block-heading\"><strong>Alternativa pr\u00e1tica: Usos BIM em vez de &#8220;Ds&#8221;<\/strong><\/h2>\n\n\n\n<p>Em vez de rotular funcionalidades como &#8220;Ds&#8221;, faz mais sentido adotar o conceito de <strong>Usos BIM<\/strong>.<\/p>\n\n\n\n<p><strong>Usos BIM<\/strong> s\u00e3o as aplica\u00e7\u00f5es pr\u00e1ticas da modelagem da informa\u00e7\u00e3o ao longo do ciclo de vida do projeto. Cada uso tem um prop\u00f3sito claro e est\u00e1 ligado a objetivos espec\u00edficos \u2014 como reduzir retrabalho, melhorar a efici\u00eancia energ\u00e9tica, ou facilitar a manuten\u00e7\u00e3o.<\/p>\n\n\n\n<h4 class=\"wp-block-heading\"><strong>Exemplos de Usos BIM bem definidos:<\/strong><\/h4>\n\n\n\n<ul class=\"wp-block-list\">\n<li>Coordena\u00e7\u00e3o multidisciplinar<br><\/li>\n\n\n\n<li>An\u00e1lise de desempenho energ\u00e9tico<br><\/li>\n\n\n\n<li>Planejamento da obra com simula\u00e7\u00e3o 4D<br><\/li>\n\n\n\n<li>Extra\u00e7\u00e3o de quantitativos e or\u00e7amentos<br><\/li>\n\n\n\n<li>Registro e gest\u00e3o de manuten\u00e7\u00f5es p\u00f3s-obra<br><\/li>\n<\/ul>\n\n\n\n<p>Essa abordagem \u00e9 recomendada em guias como o <a href=\"https:\/\/bim.psu.edu\/downloads\/\">Penn State BIM Execution<\/a> Planning e pode ser personalizada para cada tipo de projeto, respeitando sua complexidade e est\u00e1gio de maturidade.<\/p>\n\n\n\n<h2 class=\"wp-block-heading\"><br><strong>Benef\u00edcios de abandonar o foco nos &#8220;Ds&#8221;<\/strong><\/h2>\n\n\n\n<p>Adotar uma l\u00f3gica baseada em <strong>usos<\/strong> e <strong>objetivos<\/strong> \u2014 e n\u00e3o em contagens dimensionais \u2014 traz uma s\u00e9rie de vantagens reais para o dia a dia dos projetos:<\/p>\n\n\n\n<h4 class=\"wp-block-heading\"><strong>1. Mais clareza e alinhamento entre equipes<\/strong><\/h4>\n\n\n\n<p>Profissionais de diferentes \u00e1reas conseguem se comunicar com mais precis\u00e3o quando falam sobre &#8220;coordena\u00e7\u00e3o de modelos&#8221; ou &#8220;planejamento log\u00edstico&#8221;, em vez de 6D ou 7D, que podem ter significados diferentes para cada um.<\/p>\n\n\n\n<h4 class=\"wp-block-heading\"><strong>2. Implementa\u00e7\u00f5es mais eficazes<\/strong><\/h4>\n\n\n\n<p>Em vez de tentar ativar todos os &#8220;Ds&#8221; de uma s\u00f3 vez, sua empresa pode focar nos usos que trazem retorno imediato \u2014 e amadurecer de forma gradual.<\/p>\n\n\n\n<h4 class=\"wp-block-heading\"><strong>3. Redu\u00e7\u00e3o de custos e retrabalho<\/strong><\/h4>\n\n\n\n<p>Com foco nos problemas reais a serem resolvidos, as solu\u00e7\u00f5es tecnol\u00f3gicas passam a ser mais bem aplicadas. Evita-se o desperd\u00edcio com funcionalidades subutilizadas.<\/p>\n\n\n\n<h4 class=\"wp-block-heading\"><strong>4. Melhor compreens\u00e3o para o cliente<\/strong><\/h4>\n\n\n\n<p>Clientes n\u00e3o t\u00e9cnicos entendem muito melhor o valor de um modelo que ajuda a planejar ou operar um edif\u00edcio do que uma classifica\u00e7\u00e3o como &#8220;BIM 7D&#8221;.<\/p>\n\n\n\n<h2 class=\"wp-block-heading\"><strong>O papel da Coordly: menos r\u00f3tulo, mais resultado<\/strong><\/h2>\n\n\n\n<p>A plataforma <strong>Coordly<\/strong> \u00e9 um \u00f3timo exemplo de como implementar BIM de forma pr\u00e1tica, eficiente e sem complica\u00e7\u00f5es dimensionais.<\/p>\n\n\n\n<p>Como um <strong>Common Data Environment (CDE)<\/strong>, a Coordly permite que todos os envolvidos no projeto tenham acesso \u00e0s informa\u00e7\u00f5es corretas, organizadas e rastre\u00e1veis \u2014 sem precisar de uma sopa de letras.<\/p>\n\n\n\n<p>Veja como a Coordly viabiliza Usos BIM de forma clara:<\/p>\n\n\n\n<ul class=\"wp-block-list\">\n<li><strong>Coordena\u00e7\u00e3o de modelos:<\/strong> estrutura l\u00f3gica de pastas e valida\u00e7\u00e3o de entregas<br><\/li>\n\n\n\n<li><strong>Gest\u00e3o de documentos e revis\u00f5es:<\/strong> controle de vers\u00e3o com hist\u00f3rico e permiss\u00f5es segmentadas<br><\/li>\n\n\n\n<li><strong>Planejamento e controle de obra (4D):<\/strong> integra\u00e7\u00e3o com cronogramas e monitoramento do avan\u00e7o f\u00edsico nos pain\u00e9is de informa\u00e7\u00e3o<br><\/li>\n\n\n\n<li><strong>Controle or\u00e7ament\u00e1rio e quantifica\u00e7\u00e3o:<\/strong> centraliza\u00e7\u00e3o de entreg\u00e1veis com base em etapas e metas<br><\/li>\n\n\n\n<li><strong>Gest\u00e3o de manuten\u00e7\u00e3o:<\/strong> armazenamento de dados operacionais, manuais e protocolos para o p\u00f3s-obra<br><\/li>\n<\/ul>\n\n\n\n<p>Em vez de promover o uso de m\u00faltiplos \u201cDs\u201d, a Coordly ajuda voc\u00ea a <strong>entregar projetos com mais controle, menos erros e melhor comunica\u00e7\u00e3o<\/strong>.<br><\/p>\n\n\n\n<h2 class=\"wp-block-heading\"><strong>BIM \u00e9 sobre valor, n\u00e3o sobre r\u00f3tulos<\/strong><\/h2>\n\n\n\n<p>A evolu\u00e7\u00e3o do BIM n\u00e3o est\u00e1 na cria\u00e7\u00e3o de novos \u201cDs\u201d, mas na capacidade de aplicar a tecnologia para resolver problemas reais, otimizar processos e tomar decis\u00f5es mais inteligentes.<\/p>\n\n\n\n<p>O mais importante n\u00e3o \u00e9 se seu projeto est\u00e1 no 6D, 7D ou 10D. O que realmente importa \u00e9 se:<\/p>\n\n\n\n<ul class=\"wp-block-list\">\n<li>Sua equipe consegue trabalhar de forma integrada<br><\/li>\n\n\n\n<li>Os modelos est\u00e3o agregando valor na tomada de decis\u00e3o<br><\/li>\n\n\n\n<li>O cliente entende o que est\u00e1 sendo entregue<br><\/li>\n\n\n\n<li>O projeto tem menos erros, menos retrabalho e mais efici\u00eancia<br><\/li>\n<\/ul>\n\n\n\n<h3 class=\"wp-block-heading\"><strong>Foque em dados \u00fateis, n\u00e3o sobre dimens\u00f5es abstratas<\/strong><\/h3>\n\n\n\n<p>Se voc\u00ea quer sair do discurso e ir para a pr\u00e1tica, comece pelos <strong>Usos BIM<\/strong> que fazem sentido para seu projeto \u2014 e conte com ferramentas como a <strong>Coordly<\/strong> para garantir que tudo esteja estruturado, seguro e sob controle.<\/p>","protected":false},"excerpt":{"rendered":"<p>A modelagem da informa\u00e7\u00e3o na constru\u00e7\u00e3o (BIM) trouxe avan\u00e7os indiscut\u00edveis para o setor. No entanto, ao longo dos anos, surgiram interpreta\u00e7\u00f5es que podem estar afastando profissionais do foco real dessa metodologia.&nbsp; Uma delas \u00e9 a crescente obsess\u00e3o pelos chamados &#8220;Ds&#8221; do BIM. Se voc\u00ea trabalha com projetos, provavelmente j\u00e1 ouviu falar em 3D, 4D, 5D&#8230; [&hellip;]<\/p>","protected":false},"author":1,"featured_media":2358,"comment_status":"open","ping_status":"open","sticky":false,"template":"","format":"standard","meta":{"footnotes":""},"categories":[61,66],"tags":[],"class_list":["post-2356","post","type-post","status-publish","format-standard","has-post-thumbnail","hentry","category-bim-na-pratica","category-normas-e-conformidade"],"yoast_head":"<!-- This site is optimized with the Yoast SEO plugin v26.9 - https:\/\/yoast.com\/product\/yoast-seo-wordpress\/ -->\n<title>BIM al\u00e9m dos &quot;Ds&quot;: por que a classifica\u00e7\u00e3o de dimens\u00f5es pode estar atrapalhando sua estrat\u00e9gia - Coordly<\/title>\n<meta name=\"robots\" content=\"index, follow, max-snippet:-1, max-image-preview:large, max-video-preview:-1\" \/>\n<link rel=\"canonical\" href=\"https:\/\/coordly.co\/en\/blog\/bim-alem-dos-ds-por-que-a-classificacao-de-dimensoes-pode-estar-atrapalhando-sua-estrategia\/\" \/>\n<meta property=\"og:locale\" content=\"en_US\" \/>\n<meta property=\"og:type\" content=\"article\" \/>\n<meta property=\"og:title\" content=\"BIM al\u00e9m dos &quot;Ds&quot;: por que a classifica\u00e7\u00e3o de dimens\u00f5es pode estar atrapalhando sua estrat\u00e9gia - Coordly\" \/>\n<meta property=\"og:description\" content=\"A modelagem da informa\u00e7\u00e3o na constru\u00e7\u00e3o (BIM) trouxe avan\u00e7os indiscut\u00edveis para o setor. No entanto, ao longo dos anos, surgiram interpreta\u00e7\u00f5es que podem estar afastando profissionais do foco real dessa metodologia.&nbsp; Uma delas \u00e9 a crescente obsess\u00e3o pelos chamados &#8220;Ds&#8221; do BIM. Se voc\u00ea trabalha com projetos, provavelmente j\u00e1 ouviu falar em 3D, 4D, 5D&#8230; [&hellip;]\" \/>\n<meta property=\"og:url\" content=\"https:\/\/coordly.co\/en\/blog\/bim-alem-dos-ds-por-que-a-classificacao-de-dimensoes-pode-estar-atrapalhando-sua-estrategia\/\" \/>\n<meta property=\"og:site_name\" content=\"Coordly\" \/>\n<meta property=\"article:published_time\" content=\"2025-07-10T18:19:21+00:00\" \/>\n<meta property=\"article:modified_time\" content=\"2025-07-15T15:08:45+00:00\" \/>\n<meta property=\"og:image\" content=\"https:\/\/coordly.co\/wp-content\/uploads\/2025\/07\/Ds.png\" \/>\n\t<meta property=\"og:image:width\" content=\"1920\" \/>\n\t<meta property=\"og:image:height\" content=\"1080\" \/>\n\t<meta property=\"og:image:type\" content=\"image\/png\" \/>\n<meta name=\"author\" content=\"admin\" \/>\n<meta name=\"twitter:card\" content=\"summary_large_image\" \/>\n<meta name=\"twitter:label1\" content=\"Written by\" \/>\n\t<meta name=\"twitter:data1\" content=\"admin\" \/>\n\t<meta name=\"twitter:label2\" content=\"Est. reading time\" \/>\n\t<meta name=\"twitter:data2\" content=\"6 minutes\" \/>\n<script type=\"application\/ld+json\" class=\"yoast-schema-graph\">{\"@context\":\"https:\/\/schema.org\",\"@graph\":[{\"@type\":\"Article\",\"@id\":\"https:\/\/coordly.co\/blog\/bim-alem-dos-ds-por-que-a-classificacao-de-dimensoes-pode-estar-atrapalhando-sua-estrategia\/#article\",\"isPartOf\":{\"@id\":\"https:\/\/coordly.co\/blog\/bim-alem-dos-ds-por-que-a-classificacao-de-dimensoes-pode-estar-atrapalhando-sua-estrategia\/\"},\"author\":{\"name\":\"admin\",\"@id\":\"https:\/\/coordly.co\/#\/schema\/person\/210e9009aed413d51acb010930197fd7\"},\"headline\":\"BIM al\u00e9m dos &#8220;Ds&#8221;: por que a classifica\u00e7\u00e3o de dimens\u00f5es pode estar atrapalhando sua estrat\u00e9gia\",\"datePublished\":\"2025-07-10T18:19:21+00:00\",\"dateModified\":\"2025-07-15T15:08:45+00:00\",\"mainEntityOfPage\":{\"@id\":\"https:\/\/coordly.co\/blog\/bim-alem-dos-ds-por-que-a-classificacao-de-dimensoes-pode-estar-atrapalhando-sua-estrategia\/\"},\"wordCount\":1156,\"commentCount\":0,\"publisher\":{\"@id\":\"https:\/\/coordly.co\/#organization\"},\"image\":{\"@id\":\"https:\/\/coordly.co\/blog\/bim-alem-dos-ds-por-que-a-classificacao-de-dimensoes-pode-estar-atrapalhando-sua-estrategia\/#primaryimage\"},\"thumbnailUrl\":\"https:\/\/coordly.co\/wp-content\/uploads\/2025\/07\/Ds.png\",\"articleSection\":[\"BIM na Pr\u00e1tica\",\"Normas e Conformidade\"],\"inLanguage\":\"en-US\",\"potentialAction\":[{\"@type\":\"CommentAction\",\"name\":\"Comment\",\"target\":[\"https:\/\/coordly.co\/blog\/bim-alem-dos-ds-por-que-a-classificacao-de-dimensoes-pode-estar-atrapalhando-sua-estrategia\/#respond\"]}]},{\"@type\":\"WebPage\",\"@id\":\"https:\/\/coordly.co\/blog\/bim-alem-dos-ds-por-que-a-classificacao-de-dimensoes-pode-estar-atrapalhando-sua-estrategia\/\",\"url\":\"https:\/\/coordly.co\/blog\/bim-alem-dos-ds-por-que-a-classificacao-de-dimensoes-pode-estar-atrapalhando-sua-estrategia\/\",\"name\":\"BIM al\u00e9m dos \\\"Ds\\\": por que a classifica\u00e7\u00e3o de dimens\u00f5es pode estar atrapalhando sua estrat\u00e9gia - Coordly\",\"isPartOf\":{\"@id\":\"https:\/\/coordly.co\/#website\"},\"primaryImageOfPage\":{\"@id\":\"https:\/\/coordly.co\/blog\/bim-alem-dos-ds-por-que-a-classificacao-de-dimensoes-pode-estar-atrapalhando-sua-estrategia\/#primaryimage\"},\"image\":{\"@id\":\"https:\/\/coordly.co\/blog\/bim-alem-dos-ds-por-que-a-classificacao-de-dimensoes-pode-estar-atrapalhando-sua-estrategia\/#primaryimage\"},\"thumbnailUrl\":\"https:\/\/coordly.co\/wp-content\/uploads\/2025\/07\/Ds.png\",\"datePublished\":\"2025-07-10T18:19:21+00:00\",\"dateModified\":\"2025-07-15T15:08:45+00:00\",\"inLanguage\":\"en-US\",\"potentialAction\":[{\"@type\":\"ReadAction\",\"target\":[\"https:\/\/coordly.co\/blog\/bim-alem-dos-ds-por-que-a-classificacao-de-dimensoes-pode-estar-atrapalhando-sua-estrategia\/\"]}]},{\"@type\":\"ImageObject\",\"inLanguage\":\"en-US\",\"@id\":\"https:\/\/coordly.co\/blog\/bim-alem-dos-ds-por-que-a-classificacao-de-dimensoes-pode-estar-atrapalhando-sua-estrategia\/#primaryimage\",\"url\":\"https:\/\/coordly.co\/wp-content\/uploads\/2025\/07\/Ds.png\",\"contentUrl\":\"https:\/\/coordly.co\/wp-content\/uploads\/2025\/07\/Ds.png\",\"width\":1920,\"height\":1080},{\"@type\":\"WebSite\",\"@id\":\"https:\/\/coordly.co\/#website\",\"url\":\"https:\/\/coordly.co\/\",\"name\":\"Coordly - Build it Better\",\"description\":\"Build it Better\",\"publisher\":{\"@id\":\"https:\/\/coordly.co\/#organization\"},\"alternateName\":\"Coordly\",\"potentialAction\":[{\"@type\":\"SearchAction\",\"target\":{\"@type\":\"EntryPoint\",\"urlTemplate\":\"https:\/\/coordly.co\/?s={search_term_string}\"},\"query-input\":{\"@type\":\"PropertyValueSpecification\",\"valueRequired\":true,\"valueName\":\"search_term_string\"}}],\"inLanguage\":\"en-US\"},{\"@type\":\"Organization\",\"@id\":\"https:\/\/coordly.co\/#organization\",\"name\":\"Coordly - Build it Better\",\"alternateName\":\"Coordly\",\"url\":\"https:\/\/coordly.co\/\",\"logo\":{\"@type\":\"ImageObject\",\"inLanguage\":\"en-US\",\"@id\":\"https:\/\/coordly.co\/#\/schema\/logo\/image\/\",\"url\":\"https:\/\/coordly.co\/wp-content\/uploads\/2024\/11\/Reducao-256px.png\",\"contentUrl\":\"https:\/\/coordly.co\/wp-content\/uploads\/2024\/11\/Reducao-256px.png\",\"width\":256,\"height\":256,\"caption\":\"Coordly - Build it Better\"},\"image\":{\"@id\":\"https:\/\/coordly.co\/#\/schema\/logo\/image\/\"}},{\"@type\":\"Person\",\"@id\":\"https:\/\/coordly.co\/#\/schema\/person\/210e9009aed413d51acb010930197fd7\",\"name\":\"admin\",\"sameAs\":[\"http:\/\/coordly.co\"]}]}<\/script>\n<!-- \/ Yoast SEO plugin. -->","yoast_head_json":{"title":"BIM al\u00e9m dos \"Ds\": por que a classifica\u00e7\u00e3o de dimens\u00f5es pode estar atrapalhando sua estrat\u00e9gia - Coordly","robots":{"index":"index","follow":"follow","max-snippet":"max-snippet:-1","max-image-preview":"max-image-preview:large","max-video-preview":"max-video-preview:-1"},"canonical":"https:\/\/coordly.co\/en\/blog\/bim-alem-dos-ds-por-que-a-classificacao-de-dimensoes-pode-estar-atrapalhando-sua-estrategia\/","og_locale":"en_US","og_type":"article","og_title":"BIM al\u00e9m dos \"Ds\": por que a classifica\u00e7\u00e3o de dimens\u00f5es pode estar atrapalhando sua estrat\u00e9gia - Coordly","og_description":"A modelagem da informa\u00e7\u00e3o na constru\u00e7\u00e3o (BIM) trouxe avan\u00e7os indiscut\u00edveis para o setor. No entanto, ao longo dos anos, surgiram interpreta\u00e7\u00f5es que podem estar afastando profissionais do foco real dessa metodologia.&nbsp; Uma delas \u00e9 a crescente obsess\u00e3o pelos chamados &#8220;Ds&#8221; do BIM. Se voc\u00ea trabalha com projetos, provavelmente j\u00e1 ouviu falar em 3D, 4D, 5D&#8230; [&hellip;]","og_url":"https:\/\/coordly.co\/en\/blog\/bim-alem-dos-ds-por-que-a-classificacao-de-dimensoes-pode-estar-atrapalhando-sua-estrategia\/","og_site_name":"Coordly","article_published_time":"2025-07-10T18:19:21+00:00","article_modified_time":"2025-07-15T15:08:45+00:00","og_image":[{"width":1920,"height":1080,"url":"https:\/\/coordly.co\/wp-content\/uploads\/2025\/07\/Ds.png","type":"image\/png"}],"author":"admin","twitter_card":"summary_large_image","twitter_misc":{"Written by":"admin","Est. reading time":"6 minutes"},"schema":{"@context":"https:\/\/schema.org","@graph":[{"@type":"Article","@id":"https:\/\/coordly.co\/blog\/bim-alem-dos-ds-por-que-a-classificacao-de-dimensoes-pode-estar-atrapalhando-sua-estrategia\/#article","isPartOf":{"@id":"https:\/\/coordly.co\/blog\/bim-alem-dos-ds-por-que-a-classificacao-de-dimensoes-pode-estar-atrapalhando-sua-estrategia\/"},"author":{"name":"admin","@id":"https:\/\/coordly.co\/#\/schema\/person\/210e9009aed413d51acb010930197fd7"},"headline":"BIM al\u00e9m dos &#8220;Ds&#8221;: por que a classifica\u00e7\u00e3o de dimens\u00f5es pode estar atrapalhando sua estrat\u00e9gia","datePublished":"2025-07-10T18:19:21+00:00","dateModified":"2025-07-15T15:08:45+00:00","mainEntityOfPage":{"@id":"https:\/\/coordly.co\/blog\/bim-alem-dos-ds-por-que-a-classificacao-de-dimensoes-pode-estar-atrapalhando-sua-estrategia\/"},"wordCount":1156,"commentCount":0,"publisher":{"@id":"https:\/\/coordly.co\/#organization"},"image":{"@id":"https:\/\/coordly.co\/blog\/bim-alem-dos-ds-por-que-a-classificacao-de-dimensoes-pode-estar-atrapalhando-sua-estrategia\/#primaryimage"},"thumbnailUrl":"https:\/\/coordly.co\/wp-content\/uploads\/2025\/07\/Ds.png","articleSection":["BIM na Pr\u00e1tica","Normas e Conformidade"],"inLanguage":"en-US","potentialAction":[{"@type":"CommentAction","name":"Comment","target":["https:\/\/coordly.co\/blog\/bim-alem-dos-ds-por-que-a-classificacao-de-dimensoes-pode-estar-atrapalhando-sua-estrategia\/#respond"]}]},{"@type":"WebPage","@id":"https:\/\/coordly.co\/blog\/bim-alem-dos-ds-por-que-a-classificacao-de-dimensoes-pode-estar-atrapalhando-sua-estrategia\/","url":"https:\/\/coordly.co\/blog\/bim-alem-dos-ds-por-que-a-classificacao-de-dimensoes-pode-estar-atrapalhando-sua-estrategia\/","name":"BIM al\u00e9m dos \"Ds\": por que a classifica\u00e7\u00e3o de dimens\u00f5es pode estar atrapalhando sua estrat\u00e9gia - Coordly","isPartOf":{"@id":"https:\/\/coordly.co\/#website"},"primaryImageOfPage":{"@id":"https:\/\/coordly.co\/blog\/bim-alem-dos-ds-por-que-a-classificacao-de-dimensoes-pode-estar-atrapalhando-sua-estrategia\/#primaryimage"},"image":{"@id":"https:\/\/coordly.co\/blog\/bim-alem-dos-ds-por-que-a-classificacao-de-dimensoes-pode-estar-atrapalhando-sua-estrategia\/#primaryimage"},"thumbnailUrl":"https:\/\/coordly.co\/wp-content\/uploads\/2025\/07\/Ds.png","datePublished":"2025-07-10T18:19:21+00:00","dateModified":"2025-07-15T15:08:45+00:00","inLanguage":"en-US","potentialAction":[{"@type":"ReadAction","target":["https:\/\/coordly.co\/blog\/bim-alem-dos-ds-por-que-a-classificacao-de-dimensoes-pode-estar-atrapalhando-sua-estrategia\/"]}]},{"@type":"ImageObject","inLanguage":"en-US","@id":"https:\/\/coordly.co\/blog\/bim-alem-dos-ds-por-que-a-classificacao-de-dimensoes-pode-estar-atrapalhando-sua-estrategia\/#primaryimage","url":"https:\/\/coordly.co\/wp-content\/uploads\/2025\/07\/Ds.png","contentUrl":"https:\/\/coordly.co\/wp-content\/uploads\/2025\/07\/Ds.png","width":1920,"height":1080},{"@type":"WebSite","@id":"https:\/\/coordly.co\/#website","url":"https:\/\/coordly.co\/","name":"Coordly - Build it Better","description":"Build it Better","publisher":{"@id":"https:\/\/coordly.co\/#organization"},"alternateName":"Coordly","potentialAction":[{"@type":"SearchAction","target":{"@type":"EntryPoint","urlTemplate":"https:\/\/coordly.co\/?s={search_term_string}"},"query-input":{"@type":"PropertyValueSpecification","valueRequired":true,"valueName":"search_term_string"}}],"inLanguage":"en-US"},{"@type":"Organization","@id":"https:\/\/coordly.co\/#organization","name":"Coordly - Build it Better","alternateName":"Coordly","url":"https:\/\/coordly.co\/","logo":{"@type":"ImageObject","inLanguage":"en-US","@id":"https:\/\/coordly.co\/#\/schema\/logo\/image\/","url":"https:\/\/coordly.co\/wp-content\/uploads\/2024\/11\/Reducao-256px.png","contentUrl":"https:\/\/coordly.co\/wp-content\/uploads\/2024\/11\/Reducao-256px.png","width":256,"height":256,"caption":"Coordly - Build it Better"},"image":{"@id":"https:\/\/coordly.co\/#\/schema\/logo\/image\/"}},{"@type":"Person","@id":"https:\/\/coordly.co\/#\/schema\/person\/210e9009aed413d51acb010930197fd7","name":"admin","sameAs":["http:\/\/coordly.co"]}]}},"_links":{"self":[{"href":"https:\/\/coordly.co\/en\/wp-json\/wp\/v2\/posts\/2356","targetHints":{"allow":["GET"]}}],"collection":[{"href":"https:\/\/coordly.co\/en\/wp-json\/wp\/v2\/posts"}],"about":[{"href":"https:\/\/coordly.co\/en\/wp-json\/wp\/v2\/types\/post"}],"author":[{"embeddable":true,"href":"https:\/\/coordly.co\/en\/wp-json\/wp\/v2\/users\/1"}],"replies":[{"embeddable":true,"href":"https:\/\/coordly.co\/en\/wp-json\/wp\/v2\/comments?post=2356"}],"version-history":[{"count":1,"href":"https:\/\/coordly.co\/en\/wp-json\/wp\/v2\/posts\/2356\/revisions"}],"predecessor-version":[{"id":2357,"href":"https:\/\/coordly.co\/en\/wp-json\/wp\/v2\/posts\/2356\/revisions\/2357"}],"wp:featuredmedia":[{"embeddable":true,"href":"https:\/\/coordly.co\/en\/wp-json\/wp\/v2\/media\/2358"}],"wp:attachment":[{"href":"https:\/\/coordly.co\/en\/wp-json\/wp\/v2\/media?parent=2356"}],"wp:term":[{"taxonomy":"category","embeddable":true,"href":"https:\/\/coordly.co\/en\/wp-json\/wp\/v2\/categories?post=2356"},{"taxonomy":"post_tag","embeddable":true,"href":"https:\/\/coordly.co\/en\/wp-json\/wp\/v2\/tags?post=2356"}],"curies":[{"name":"wp","href":"https:\/\/api.w.org\/{rel}","templated":true}]}}