{"id":2585,"date":"2025-11-14T15:10:34","date_gmt":"2025-11-14T18:10:34","guid":{"rendered":"https:\/\/coordly.co\/?p=2585"},"modified":"2025-11-25T15:48:35","modified_gmt":"2025-11-25T18:48:35","slug":"coordly-integracao-foco-e-eficiencia-na-coordenacao-de-projetos-em-bim","status":"publish","type":"post","link":"https:\/\/coordly.co\/en\/blog\/coordly-integracao-foco-e-eficiencia-na-coordenacao-de-projetos-em-bim\/","title":{"rendered":"Coordly: integra\u00e7\u00e3o, foco e efici\u00eancia na coordena\u00e7\u00e3o de projetos em BIM"},"content":{"rendered":"<p>Nos \u00faltimos anos, o mercado de plataformas para gest\u00e3o e coordena\u00e7\u00e3o de projetos na constru\u00e7\u00e3o civil passou por uma transforma\u00e7\u00e3o profunda.<\/p>\n\n\n\n<p>Sa\u00edmos de um cen\u00e1rio dominado por planilhas e pastas compartilhadas para um ambiente em que a informa\u00e7\u00e3o \u00e9 viva, conectada e tridimensional.&nbsp;<\/p>\n\n\n\n<p>No entanto, essa evolu\u00e7\u00e3o trouxe um novo desafio: <strong>como coordenar projetos BIM com efici\u00eancia, sem perder tempo com sistemas pesados ou fluxos burocr\u00e1ticos?<\/strong><\/p>\n\n\n\n<p>De um lado, h\u00e1 solu\u00e7\u00f5es tradicionais \u2014 s\u00f3lidas, mas engessadas \u2014 que nasceram em uma era em que \u201cqualidade\u201d significava apenas cumprir normas como ISO 9001 e PBQP-H.&nbsp;<\/p>\n\n\n\n<p>De outro, surgiram startups empolgadas, cheias de recursos e promessas, mas que muitas vezes se perderam na complexidade.<\/p>\n\n\n\n<p>E entre esses dois extremos, nasceu a <strong>Coordly<\/strong>: uma plataforma feita para quem entende que coordena\u00e7\u00e3o \u00e9 sobre clareza, integra\u00e7\u00e3o e fluxo cont\u00ednuo \u2014 n\u00e3o sobre acumular fun\u00e7\u00f5es desnecess\u00e1rias.<\/p>\n\n\n\n<h3 class=\"wp-block-heading\"><strong>Quando \u201cgest\u00e3o\u201d ainda significava papel, carimbo e planilha<\/strong><\/h3>\n\n\n\n<p><\/p>\n\n\n\n<p>Para entender o prop\u00f3sito da Coordly, \u00e9 preciso voltar no tempo \u2014 quando \u201cgest\u00e3o de projetos\u201d ainda era sin\u00f4nimo de pilhas de papel, arquivos PDF e intermin\u00e1veis vers\u00f5es nomeadas como <em>Projeto_vf_final_02<\/em>.<\/p>\n\n\n\n<p>Muitos sistemas usados hoje em construtoras e incorporadoras ainda carregam esse DNA dos anos 2000.&nbsp;<\/p>\n\n\n\n<p>Foram pensados para <strong>controle documental<\/strong>, n\u00e3o para colabora\u00e7\u00e3o em tempo real.<\/p>\n\n\n\n<p>Mesmo ap\u00f3s d\u00e9cadas de atualiza\u00e7\u00f5es, continuam presos a uma l\u00f3gica centralizada e burocr\u00e1tica, que exige uploads manuais, revis\u00f5es repetitivas e pouco di\u00e1logo entre equipes.<\/p>\n\n\n\n<p>Essas solu\u00e7\u00f5es foram muito \u00fateis em um contexto em que os projetos eram documentos est\u00e1ticos.&nbsp;<\/p>\n\n\n\n<p>Mas, na era do BIM \u2014 onde os modelos s\u00e3o din\u00e2micos, integrados e colaborativos \u2014, essa mentalidade se tornou um obst\u00e1culo.<\/p>\n\n\n\n<p>O problema n\u00e3o est\u00e1 em \u201cfuncionar mal\u201d, mas em <strong>n\u00e3o acompanhar o ritmo da constru\u00e7\u00e3o moderna<\/strong>.<\/p>\n\n\n\n<p>Hoje, equipes trabalham de forma distribu\u00edda, com projetistas em diferentes cidades (ou pa\u00edses), revis\u00f5es simult\u00e2neas e decis\u00f5es que precisam ser registradas instantaneamente.<\/p>\n\n\n\n<p>Nesse ambiente, ferramentas baseadas em pastas e e-mails simplesmente n\u00e3o d\u00e3o conta.<\/p>\n\n\n\n<p>O resultado? Retrabalho, perda de rastreabilidade e decis\u00f5es atrasadas \u2014 tudo o que o BIM veio para resolver.<\/p>\n\n\n\n<h3 class=\"wp-block-heading\"><strong>Quem faz tudo, nada faz bem<\/strong><\/h3>\n\n\n\n<p><\/p>\n\n\n\n<p>Na tentativa de corrigir essa defasagem, surgiu o outro extremo: as plataformas \u201ctudo-em-um\u201d.<\/p>\n\n\n\n<p>Sistemas que prometem resolver todos os desafios da constru\u00e7\u00e3o \u2014 do or\u00e7amento \u00e0 manuten\u00e7\u00e3o \u2014 e re\u00fanem dezenas de m\u00f3dulos que, na pr\u00e1tica, raramente conversam entre si.<\/p>\n\n\n\n<p>A ideia parece boa. Afinal, quem n\u00e3o gostaria de um software \u00fanico para controlar todas as etapas da obra?<\/p>\n\n\n\n<p>Mas, na pr\u00e1tica, o excesso de funcionalidades se transforma em ru\u00eddo.<\/p>\n\n\n\n<p>Essas plataformas acabam <strong>distantes da ess\u00eancia da coordena\u00e7\u00e3o<\/strong>, que \u00e9 garantir que <strong>as informa\u00e7\u00f5es certas cheguem \u00e0s pessoas certas, no momento certo<\/strong>.<\/p>\n\n\n\n<p>Quando tudo tenta ser prioridade, nada \u00e9.<\/p>\n\n\n\n<p>Usu\u00e1rios se perdem em menus, alertas e dashboards cheios de dados irrelevantes.<\/p>\n\n\n\n<p>A performance cai, o custo aumenta, e o foco \u2014 o bem mais precioso da coordena\u00e7\u00e3o \u2014 desaparece.<\/p>\n\n\n\n<p>Al\u00e9m disso, plataformas \u201ctudo-em-um\u201d frequentemente criam <strong>ecossistemas fechados<\/strong>, nos quais o cliente fica preso a uma estrutura de armazenamento e a integra\u00e7\u00f5es propriet\u00e1rias.<\/p>\n\n\n\n<p>\u00c9 o oposto do que o BIM prop\u00f5e: interoperabilidade, liberdade e transpar\u00eancia.<\/p>\n\n\n\n<p>Foi ao observar esse cen\u00e1rio que a Coordly escolheu um caminho diferente \u2014 o da <strong>integra\u00e7\u00e3o inteligente<\/strong>.<\/p>\n\n\n\n<h3 class=\"wp-block-heading\"><strong>A escolha da Coordly: integrar com quem j\u00e1 \u00e9 l\u00edder<\/strong><\/h3>\n\n\n\n<p>Enquanto muitas empresas gastam energia tentando reinventar o que j\u00e1 funciona, a Coordly tomou uma decis\u00e3o pragm\u00e1tica: <strong>conectar-se \u00e0s melhores solu\u00e7\u00f5es do mercado<\/strong>, em vez de competir com elas.<\/p>\n\n\n\n<p>Em vez de criar uma nuvem pr\u00f3pria, cara e limitada, a Coordly optou por <strong>integrar-se diretamente a ferramentas globais<\/strong> como Google Drive, Microsoft OneDrive\/SharePoint e Dropbox.<\/p>\n\n\n\n<p>Essas plataformas j\u00e1 s\u00e3o refer\u00eancia em seguran\u00e7a, escalabilidade e colabora\u00e7\u00e3o.&nbsp;<\/p>\n\n\n\n<p>A Coordly apenas adicionou o que faltava: uma camada de intelig\u00eancia e controle voltada especificamente para a coordena\u00e7\u00e3o de projetos BIM.<\/p>\n\n\n\n<p>Essa decis\u00e3o t\u00e9cnica trouxe benef\u00edcios concretos:<\/p>\n\n\n\n<h5 class=\"wp-block-heading\"><strong>1. Seguran\u00e7a global<\/strong><\/h5>\n\n\n\n<p>Os dados permanecem protegidos por <strong>infraestruturas com certifica\u00e7\u00f5es ISO<\/strong>, criptografia ponta a ponta e redund\u00e2ncia geogr\u00e1fica.<\/p>\n\n\n\n<p>A Coordly j\u00e1 parte do princ\u00edpio de uma pol\u00edtica de seguran\u00e7a robusta \u2014 testadas por gigantes da tecnologia.<\/p>\n\n\n\n<h5 class=\"wp-block-heading\"><strong>2. Menos custo e mais efici\u00eancia<\/strong><\/h5>\n\n\n\n<p>Sem a necessidade de manter servidores ou licen\u00e7as de armazenamento pr\u00f3prias, a Coordly <strong>foca 100% no que realmente importa<\/strong>: desenvolver ferramentas de coordena\u00e7\u00e3o mais inteligentes, r\u00e1pidas e \u00fateis.<\/p>\n\n\n\n<p>Isso tamb\u00e9m significa que o cliente paga menos por uma solu\u00e7\u00e3o mais leve e eficiente.<\/p>\n\n\n\n<h5 class=\"wp-block-heading\"><strong>3. Controle total dos dados<\/strong><\/h5>\n\n\n\n<p>Os arquivos n\u00e3o ficam \u201cpresos\u201d em uma nuvem terceirizada.<\/p>\n\n\n\n<p>Eles permanecem dentro das <strong>contas corporativas da pr\u00f3pria empresa<\/strong>, mantendo o controle e a governan\u00e7a de dados sob total responsabilidade do cliente.<\/p>\n\n\n\n<h5 class=\"wp-block-heading\"><strong>4. Colabora\u00e7\u00e3o cont\u00ednua&nbsp;<\/strong><\/h5>\n\n\n\n<p>Nada de exportar, duplicar ou perder vers\u00f5es.<\/p>\n\n\n\n<p>Na Coordly, as equipes trabalham sempre sobre o mesmo arquivo, em tempo real, com rastreabilidade autom\u00e1tica e hist\u00f3rico completo de revis\u00f5es.<\/p>\n\n\n\n<p>Essa arquitetura reflete a filosofia da plataforma: <strong>inovar n\u00e3o \u00e9 reinventar a roda, mas conectar o que j\u00e1 funciona de forma mais fluida e eficiente<\/strong>.<\/p>\n\n\n\n<h3 class=\"wp-block-heading\">Foco = efici\u00eancia<\/h3>\n\n\n\n<p>Enquanto muitas plataformas se perdem em recursos sup\u00e9rfluos, a Coordly manteve um prop\u00f3sito simples \u2014 e poderoso: <strong>ajudar coordenadores a entregarem projetos melhores, dentro do prazo e com mais qualidade<\/strong>.<\/p>\n\n\n\n<p>Tudo na plataforma gira em torno de tr\u00eas pilares fundamentais:<\/p>\n\n\n\n<ol class=\"wp-block-list\">\n<li><strong>Coordena\u00e7\u00e3o eficiente<br><\/strong>Fluxos de trabalho estruturados, atividades claras, prazos definidos e responsabilidades atribu\u00eddas.<br>O foco \u00e9 reduzir ru\u00eddo e centralizar decis\u00f5es.<br><\/li>\n\n\n\n<li><strong>Rastreabilidade completa<br><\/strong>Cada documento, modelo ou revis\u00e3o fica registrado automaticamente.<br>O coordenador tem acesso a um hist\u00f3rico completo, podendo visualizar quem alterou o qu\u00ea e quando \u2014 um controle essencial em ambientes BIM.<br><\/li>\n\n\n\n<li><strong>Colabora\u00e7\u00e3o inteligente<br><\/strong>A Coordly n\u00e3o substitui ferramentas de armazenamento; ela as potencializa.<br>Integra-se ao que o cliente j\u00e1 usa, garantindo fluidez e continuidade sem exigir migra\u00e7\u00e3o de dados ou treinamento excessivo.<br><\/li>\n<\/ol>\n\n\n\n<p>Essa combina\u00e7\u00e3o resulta em uma plataforma leve, com performance consistente e <strong>foco total na coordena\u00e7\u00e3o<\/strong>.<\/p>\n\n\n\n<p>Nada mais, nada menos.<\/p>\n\n\n\n<h3 class=\"wp-block-heading\"><strong>Menos \u00e9 mais, especialmente na coordena\u00e7\u00e3o<\/strong><\/h3>\n\n\n\n<p>O que diferencia a Coordly \u00e9 a capacidade de simplificar o complexo.<\/p>\n\n\n\n<p>Enquanto muitas solu\u00e7\u00f5es constroem muros entre sistemas e dados, a Coordly constr\u00f3i pontes.<\/p>\n\n\n<div class=\"wp-block-image\">\n<figure class=\"aligncenter size-large is-resized\"><img loading=\"lazy\" decoding=\"async\" width=\"1024\" height=\"559\" src=\"https:\/\/coordly.co\/wp-content\/uploads\/2025\/11\/IMG_3581-1024x559.jpg\" alt=\"\" class=\"wp-image-2591\" style=\"width:646px;height:auto\" srcset=\"https:\/\/coordly.co\/wp-content\/uploads\/2025\/11\/IMG_3581-1024x559.jpg 1024w, https:\/\/coordly.co\/wp-content\/uploads\/2025\/11\/IMG_3581-300x164.jpg 300w, https:\/\/coordly.co\/wp-content\/uploads\/2025\/11\/IMG_3581-768x419.jpg 768w, https:\/\/coordly.co\/wp-content\/uploads\/2025\/11\/IMG_3581.jpg 1408w\" sizes=\"auto, (max-width: 1024px) 100vw, 1024px\" \/><\/figure>\n<\/div>\n\n\n<p><\/p>\n\n\n\n<p>E faz isso sem exigir que o usu\u00e1rio abandone o que j\u00e1 funciona bem.<\/p>\n\n\n\n<p>Essa filosofia \u201cmenos \u00e9 mais\u201d se reflete em cada detalhe da interface e da experi\u00eancia de uso.<\/p>\n\n\n\n<p>Os coordenadores n\u00e3o precisam navegar por dezenas de abas. Eles encontram tudo o que precisam \u2014 prazos, revis\u00f5es, entregas, documentos \u2014 em um \u00fanico ambiente claro e visual.<\/p>\n\n\n\n<p>A Coordly entende que coordena\u00e7\u00e3o n\u00e3o \u00e9 sobre \u201cfazer mais coisas\u201d, mas sobre <strong>fazer tudo fluir com precis\u00e3o<\/strong>.<\/p>\n\n\n\n<p>A simplicidade n\u00e3o \u00e9 uma escolha consciente de eliminar o desnecess\u00e1rio para liberar espa\u00e7o para o essencial: <strong>a entrega de um projeto bem coordenado<\/strong>.<\/p>\n\n\n\n<p><strong>Um olhar sobre o mercado: veteranos da ISO x startups tudo-em-um<\/strong><\/p>\n\n\n\n<p>Para entender o impacto da Coordly, vale comparar suas origens com as duas vertentes dominantes do mercado:<\/p>\n\n\n\n<figure class=\"wp-block-table\"><table class=\"has-fixed-layout\"><tbody><tr><td><strong>Modelo<\/strong><\/td><td><strong>For\u00e7a<\/strong><\/td><td><strong>Fragilidade<\/strong><\/td><\/tr><tr><td><strong>Veteranos da ISO<\/strong><\/td><td>Confiabilidade, conformidade com normas<\/td><td>Pouca fluidez para BIM, estrutura engessada<\/td><\/tr><tr><td><strong>Startups tudo-em-um<\/strong><\/td><td>Design moderno, muitas funcionalidades<\/td><td>Falta de foco, sistemas pesados e confusos<\/td><\/tr><tr><td><strong>Coordly<\/strong><\/td><td>Integra\u00e7\u00e3o real, leveza, foco na coordena\u00e7\u00e3o<\/td><td>Especializa\u00e7\u00e3o \u2014 n\u00e3o \u00e9 uma ferramenta gen\u00e9rica<\/td><\/tr><\/tbody><\/table><\/figure>\n\n\n\n<p>A diferen\u00e7a est\u00e1 no <strong>prop\u00f3sito<\/strong>.<\/p>\n\n\n\n<p>Enquanto outros tentam \u201cabra\u00e7ar o mundo\u201d, a Coordly foi desenhada para resolver um problema espec\u00edfico com excel\u00eancia: <strong>a coordena\u00e7\u00e3o de projetos BIM<\/strong>.<\/p>\n\n\n\n<h3 class=\"wp-block-heading\"><strong>Tecnologia com prop\u00f3sito<\/strong><\/h3>\n\n\n\n<p>A Coordly foi criada por profissionais que <strong>vivem a coordena\u00e7\u00e3o de projetos no dia a dia<\/strong>.<\/p>\n\n\n\n<p>Cada funcionalidade nasceu de uma necessidade real de quem j\u00e1 enfrentou os desafios de consolidar disciplinas, controlar prazos e lidar com revis\u00f5es intermin\u00e1veis.<\/p>\n\n\n\n<p>Essa origem pr\u00e1tica se reflete na usabilidade.<\/p>\n\n\n\n<p>A plataforma n\u00e3o fala a l\u00edngua do desenvolvedor \u2014 fala a l\u00edngua do coordenador.<\/p>\n\n\n\n<p>Ela entende a din\u00e2mica das entregas, o peso das decis\u00f5es e a necessidade de <strong>visualizar tudo com clareza, sem perder o ritmo do projeto<\/strong>.<\/p>\n\n\n\n<p>Al\u00e9m disso, a Coordly foi pensada para se adaptar a diferentes n\u00edveis de maturidade BIM.<\/p>\n\n\n\n<p>Seja uma incorporadora iniciando o processo digital ou uma empresa com fluxos j\u00e1 consolidados, a plataforma se ajusta \u00e0 estrutura existente.<\/p>\n\n\n\n<p>Isso elimina a curva de aprendizado e acelera a ado\u00e7\u00e3o.<\/p>\n\n\n\n<h3 class=\"wp-block-heading\"><strong>O impacto da Coordly na rotina dos times<\/strong><\/h3>\n\n\n\n<p>Na pr\u00e1tica, o uso da Coordly muda a forma como as equipes se comunicam e tomam decis\u00f5es.<\/p>\n\n\n\n<p>Com pain\u00e9is interativos e dashboards visuais, cada respons\u00e1vel acompanha suas entregas, vers\u00f5es e prazos \u2014 tudo com rastreabilidade total.<\/p>\n\n\n\n<p>Os coordenadores ganham visibilidade sobre o andamento de todas as disciplinas, enquanto gestores de obra e diretores acessam relat\u00f3rios sint\u00e9ticos com indicadores de progresso.<\/p>\n\n\n\n<p>Essa transpar\u00eancia evita surpresas e cria uma cultura de responsabilidade compartilhada.<\/p>\n\n\n\n<p>Mais do que um sistema, a Coordly se torna <strong>um ponto de converg\u00eancia entre pessoas, informa\u00e7\u00f5es e decis\u00f5es<\/strong>.<\/p>\n\n\n\n<h3 class=\"wp-block-heading\"><strong>Seguran\u00e7a e governan\u00e7a de dados<\/strong><\/h3>\n\n\n\n<p>Em tempos de ataques cibern\u00e9ticos e vazamentos de informa\u00e7\u00f5es, a seguran\u00e7a dos dados n\u00e3o \u00e9 um luxo \u2014 \u00e9 uma exig\u00eancia.<\/p>\n\n\n\n<p>Ao integrar-se \u00e0s solu\u00e7\u00f5es l\u00edderes de mercado, a Coordly herda padr\u00f5es globais de seguran\u00e7a, incluindo <strong>criptografia de ponta, redund\u00e2ncia autom\u00e1tica e autentica\u00e7\u00e3o multifator<\/strong>.<\/p>\n\n\n\n<p>Mas o diferencial est\u00e1 na governan\u00e7a: os dados continuam sob dom\u00ednio do cliente, dentro de suas pr\u00f3prias contas corporativas.<\/p>\n\n\n\n<p>Nada \u00e9 transferido ou armazenado fora do controle da empresa.<\/p>\n\n\n\n<p>Essa pol\u00edtica de <strong>propriedade total dos dados<\/strong> garante tranquilidade jur\u00eddica e conformidade com normas como a <strong>LGPD<\/strong>.<\/p>\n\n\n\n<h3 class=\"wp-block-heading\"><strong>O futuro da coordena\u00e7\u00e3o BIM<\/strong><\/h3>\n\n\n\n<p>O futuro da constru\u00e7\u00e3o n\u00e3o \u00e9 sobre softwares que tentam fazer tudo. \u00c9 sobre <strong>ecossistemas conectados<\/strong>.<\/p>\n\n\n\n<p>O BIM consolidou uma nova era de colabora\u00e7\u00e3o, e plataformas como a Coordly s\u00e3o o elo que une a informa\u00e7\u00e3o \u00e0 execu\u00e7\u00e3o.<\/p>\n\n\n\n<p>Nos pr\u00f3ximos anos, veremos uma transi\u00e7\u00e3o clara: menos ferramentas generalistas e mais solu\u00e7\u00f5es especializadas e integr\u00e1veis.<\/p>\n\n\n\n<p>A Coordly j\u00e1 est\u00e1 \u00e0 frente dessa curva, focando no que realmente entrega valor \u2014 <strong>processos claros, dados confi\u00e1veis e coordena\u00e7\u00e3o eficiente<\/strong>.<\/p>\n\n\n\n<p>Coordena\u00e7\u00e3o de projetos n\u00e3o \u00e9 sobre controle excessivo, mas sobre clareza de informa\u00e7\u00e3o.<\/p>\n\n\n\n<p>\u00c9 sobre garantir que cada decis\u00e3o seja documentada, cada modelo esteja atualizado e cada profissional saiba exatamente o que precisa entregar.<\/p>\n\n\n\n<p>Your <strong>Coordly nasceu dessa vis\u00e3o<\/strong>: a de que a tecnologia deve servir ao processo, e n\u00e3o o contr\u00e1rio.<\/p>\n\n\n\n<p>Ao combinar integra\u00e7\u00e3o com foco e simplicidade, a plataforma redefine o que significa coordenar em BIM \u2014 sem burocracia, sem travas e sem desperd\u00edcio de tempo.Enquanto o mercado se divide entre sistemas engessados e solu\u00e7\u00f5es infladas, a Coordly permanece fiel ao essencial: <strong>fazer o BIM funcionar com efici\u00eancia e prop\u00f3sito.<\/strong><\/p>","protected":false},"excerpt":{"rendered":"<p>Nos \u00faltimos anos, o mercado de plataformas para gest\u00e3o e coordena\u00e7\u00e3o de projetos na constru\u00e7\u00e3o civil passou por uma transforma\u00e7\u00e3o profunda. Sa\u00edmos de um cen\u00e1rio dominado por planilhas e pastas compartilhadas para um ambiente em que a informa\u00e7\u00e3o \u00e9 viva, conectada e tridimensional.&nbsp; No entanto, essa evolu\u00e7\u00e3o trouxe um novo desafio: como coordenar projetos BIM [&hellip;]<\/p>","protected":false},"author":1,"featured_media":2587,"comment_status":"open","ping_status":"open","sticky":false,"template":"","format":"standard","meta":{"footnotes":""},"categories":[61,59,63],"tags":[],"class_list":["post-2585","post","type-post","status-publish","format-standard","has-post-thumbnail","hentry","category-bim-na-pratica","category-coordenacao-de-projetos","category-funcionalidades-da-coordly"],"yoast_head":"<!-- This site is optimized with the Yoast SEO plugin v26.9 - https:\/\/yoast.com\/product\/yoast-seo-wordpress\/ -->\n<title>Coordly: integra\u00e7\u00e3o, foco e efici\u00eancia na coordena\u00e7\u00e3o de projetos em BIM - Coordly<\/title>\n<meta name=\"robots\" content=\"index, follow, max-snippet:-1, max-image-preview:large, max-video-preview:-1\" \/>\n<link rel=\"canonical\" href=\"https:\/\/coordly.co\/en\/blog\/coordly-integracao-foco-e-eficiencia-na-coordenacao-de-projetos-em-bim\/\" \/>\n<meta property=\"og:locale\" content=\"en_US\" \/>\n<meta property=\"og:type\" content=\"article\" \/>\n<meta property=\"og:title\" content=\"Coordly: integra\u00e7\u00e3o, foco e efici\u00eancia na coordena\u00e7\u00e3o de projetos em BIM - Coordly\" \/>\n<meta property=\"og:description\" content=\"Nos \u00faltimos anos, o mercado de plataformas para gest\u00e3o e coordena\u00e7\u00e3o de projetos na constru\u00e7\u00e3o civil passou por uma transforma\u00e7\u00e3o profunda. Sa\u00edmos de um cen\u00e1rio dominado por planilhas e pastas compartilhadas para um ambiente em que a informa\u00e7\u00e3o \u00e9 viva, conectada e tridimensional.&nbsp; No entanto, essa evolu\u00e7\u00e3o trouxe um novo desafio: como coordenar projetos BIM [&hellip;]\" \/>\n<meta property=\"og:url\" content=\"https:\/\/coordly.co\/en\/blog\/coordly-integracao-foco-e-eficiencia-na-coordenacao-de-projetos-em-bim\/\" \/>\n<meta property=\"og:site_name\" content=\"Coordly\" \/>\n<meta property=\"article:published_time\" content=\"2025-11-14T18:10:34+00:00\" \/>\n<meta property=\"article:modified_time\" content=\"2025-11-25T18:48:35+00:00\" \/>\n<meta property=\"og:image\" content=\"https:\/\/coordly.co\/wp-content\/uploads\/2025\/11\/Integrac.png\" \/>\n\t<meta property=\"og:image:width\" content=\"1536\" \/>\n\t<meta property=\"og:image:height\" content=\"1024\" \/>\n\t<meta property=\"og:image:type\" content=\"image\/png\" \/>\n<meta name=\"author\" content=\"admin\" \/>\n<meta name=\"twitter:card\" content=\"summary_large_image\" \/>\n<meta name=\"twitter:label1\" content=\"Written by\" \/>\n\t<meta name=\"twitter:data1\" content=\"admin\" \/>\n\t<meta name=\"twitter:label2\" content=\"Est. reading time\" \/>\n\t<meta name=\"twitter:data2\" content=\"10 minutes\" \/>\n<script type=\"application\/ld+json\" class=\"yoast-schema-graph\">{\"@context\":\"https:\/\/schema.org\",\"@graph\":[{\"@type\":\"Article\",\"@id\":\"https:\/\/coordly.co\/blog\/coordly-integracao-foco-e-eficiencia-na-coordenacao-de-projetos-em-bim\/#article\",\"isPartOf\":{\"@id\":\"https:\/\/coordly.co\/blog\/coordly-integracao-foco-e-eficiencia-na-coordenacao-de-projetos-em-bim\/\"},\"author\":{\"name\":\"admin\",\"@id\":\"https:\/\/coordly.co\/#\/schema\/person\/210e9009aed413d51acb010930197fd7\"},\"headline\":\"Coordly: integra\u00e7\u00e3o, foco e efici\u00eancia na coordena\u00e7\u00e3o de projetos em BIM\",\"datePublished\":\"2025-11-14T18:10:34+00:00\",\"dateModified\":\"2025-11-25T18:48:35+00:00\",\"mainEntityOfPage\":{\"@id\":\"https:\/\/coordly.co\/blog\/coordly-integracao-foco-e-eficiencia-na-coordenacao-de-projetos-em-bim\/\"},\"wordCount\":1869,\"commentCount\":0,\"publisher\":{\"@id\":\"https:\/\/coordly.co\/#organization\"},\"image\":{\"@id\":\"https:\/\/coordly.co\/blog\/coordly-integracao-foco-e-eficiencia-na-coordenacao-de-projetos-em-bim\/#primaryimage\"},\"thumbnailUrl\":\"https:\/\/coordly.co\/wp-content\/uploads\/2025\/11\/Integrac.png\",\"articleSection\":[\"BIM na Pr\u00e1tica\",\"Coordena\u00e7\u00e3o de Projetos\",\"Funcionalidades da Coordly\"],\"inLanguage\":\"en-US\",\"potentialAction\":[{\"@type\":\"CommentAction\",\"name\":\"Comment\",\"target\":[\"https:\/\/coordly.co\/blog\/coordly-integracao-foco-e-eficiencia-na-coordenacao-de-projetos-em-bim\/#respond\"]}]},{\"@type\":\"WebPage\",\"@id\":\"https:\/\/coordly.co\/blog\/coordly-integracao-foco-e-eficiencia-na-coordenacao-de-projetos-em-bim\/\",\"url\":\"https:\/\/coordly.co\/blog\/coordly-integracao-foco-e-eficiencia-na-coordenacao-de-projetos-em-bim\/\",\"name\":\"Coordly: integra\u00e7\u00e3o, foco e efici\u00eancia na coordena\u00e7\u00e3o de projetos em BIM - Coordly\",\"isPartOf\":{\"@id\":\"https:\/\/coordly.co\/#website\"},\"primaryImageOfPage\":{\"@id\":\"https:\/\/coordly.co\/blog\/coordly-integracao-foco-e-eficiencia-na-coordenacao-de-projetos-em-bim\/#primaryimage\"},\"image\":{\"@id\":\"https:\/\/coordly.co\/blog\/coordly-integracao-foco-e-eficiencia-na-coordenacao-de-projetos-em-bim\/#primaryimage\"},\"thumbnailUrl\":\"https:\/\/coordly.co\/wp-content\/uploads\/2025\/11\/Integrac.png\",\"datePublished\":\"2025-11-14T18:10:34+00:00\",\"dateModified\":\"2025-11-25T18:48:35+00:00\",\"inLanguage\":\"en-US\",\"potentialAction\":[{\"@type\":\"ReadAction\",\"target\":[\"https:\/\/coordly.co\/blog\/coordly-integracao-foco-e-eficiencia-na-coordenacao-de-projetos-em-bim\/\"]}]},{\"@type\":\"ImageObject\",\"inLanguage\":\"en-US\",\"@id\":\"https:\/\/coordly.co\/blog\/coordly-integracao-foco-e-eficiencia-na-coordenacao-de-projetos-em-bim\/#primaryimage\",\"url\":\"https:\/\/coordly.co\/wp-content\/uploads\/2025\/11\/Integrac.png\",\"contentUrl\":\"https:\/\/coordly.co\/wp-content\/uploads\/2025\/11\/Integrac.png\",\"width\":1536,\"height\":1024},{\"@type\":\"WebSite\",\"@id\":\"https:\/\/coordly.co\/#website\",\"url\":\"https:\/\/coordly.co\/\",\"name\":\"Coordly - Build it Better\",\"description\":\"Build it Better\",\"publisher\":{\"@id\":\"https:\/\/coordly.co\/#organization\"},\"alternateName\":\"Coordly\",\"potentialAction\":[{\"@type\":\"SearchAction\",\"target\":{\"@type\":\"EntryPoint\",\"urlTemplate\":\"https:\/\/coordly.co\/?s={search_term_string}\"},\"query-input\":{\"@type\":\"PropertyValueSpecification\",\"valueRequired\":true,\"valueName\":\"search_term_string\"}}],\"inLanguage\":\"en-US\"},{\"@type\":\"Organization\",\"@id\":\"https:\/\/coordly.co\/#organization\",\"name\":\"Coordly - Build it Better\",\"alternateName\":\"Coordly\",\"url\":\"https:\/\/coordly.co\/\",\"logo\":{\"@type\":\"ImageObject\",\"inLanguage\":\"en-US\",\"@id\":\"https:\/\/coordly.co\/#\/schema\/logo\/image\/\",\"url\":\"https:\/\/coordly.co\/wp-content\/uploads\/2024\/11\/Reducao-256px.png\",\"contentUrl\":\"https:\/\/coordly.co\/wp-content\/uploads\/2024\/11\/Reducao-256px.png\",\"width\":256,\"height\":256,\"caption\":\"Coordly - Build it Better\"},\"image\":{\"@id\":\"https:\/\/coordly.co\/#\/schema\/logo\/image\/\"}},{\"@type\":\"Person\",\"@id\":\"https:\/\/coordly.co\/#\/schema\/person\/210e9009aed413d51acb010930197fd7\",\"name\":\"admin\",\"sameAs\":[\"http:\/\/coordly.co\"]}]}<\/script>\n<!-- \/ Yoast SEO plugin. -->","yoast_head_json":{"title":"Coordly: integra\u00e7\u00e3o, foco e efici\u00eancia na coordena\u00e7\u00e3o de projetos em BIM - Coordly","robots":{"index":"index","follow":"follow","max-snippet":"max-snippet:-1","max-image-preview":"max-image-preview:large","max-video-preview":"max-video-preview:-1"},"canonical":"https:\/\/coordly.co\/en\/blog\/coordly-integracao-foco-e-eficiencia-na-coordenacao-de-projetos-em-bim\/","og_locale":"en_US","og_type":"article","og_title":"Coordly: integra\u00e7\u00e3o, foco e efici\u00eancia na coordena\u00e7\u00e3o de projetos em BIM - Coordly","og_description":"Nos \u00faltimos anos, o mercado de plataformas para gest\u00e3o e coordena\u00e7\u00e3o de projetos na constru\u00e7\u00e3o civil passou por uma transforma\u00e7\u00e3o profunda. Sa\u00edmos de um cen\u00e1rio dominado por planilhas e pastas compartilhadas para um ambiente em que a informa\u00e7\u00e3o \u00e9 viva, conectada e tridimensional.&nbsp; No entanto, essa evolu\u00e7\u00e3o trouxe um novo desafio: como coordenar projetos BIM [&hellip;]","og_url":"https:\/\/coordly.co\/en\/blog\/coordly-integracao-foco-e-eficiencia-na-coordenacao-de-projetos-em-bim\/","og_site_name":"Coordly","article_published_time":"2025-11-14T18:10:34+00:00","article_modified_time":"2025-11-25T18:48:35+00:00","og_image":[{"width":1536,"height":1024,"url":"https:\/\/coordly.co\/wp-content\/uploads\/2025\/11\/Integrac.png","type":"image\/png"}],"author":"admin","twitter_card":"summary_large_image","twitter_misc":{"Written by":"admin","Est. reading time":"10 minutes"},"schema":{"@context":"https:\/\/schema.org","@graph":[{"@type":"Article","@id":"https:\/\/coordly.co\/blog\/coordly-integracao-foco-e-eficiencia-na-coordenacao-de-projetos-em-bim\/#article","isPartOf":{"@id":"https:\/\/coordly.co\/blog\/coordly-integracao-foco-e-eficiencia-na-coordenacao-de-projetos-em-bim\/"},"author":{"name":"admin","@id":"https:\/\/coordly.co\/#\/schema\/person\/210e9009aed413d51acb010930197fd7"},"headline":"Coordly: integra\u00e7\u00e3o, foco e efici\u00eancia na coordena\u00e7\u00e3o de projetos em BIM","datePublished":"2025-11-14T18:10:34+00:00","dateModified":"2025-11-25T18:48:35+00:00","mainEntityOfPage":{"@id":"https:\/\/coordly.co\/blog\/coordly-integracao-foco-e-eficiencia-na-coordenacao-de-projetos-em-bim\/"},"wordCount":1869,"commentCount":0,"publisher":{"@id":"https:\/\/coordly.co\/#organization"},"image":{"@id":"https:\/\/coordly.co\/blog\/coordly-integracao-foco-e-eficiencia-na-coordenacao-de-projetos-em-bim\/#primaryimage"},"thumbnailUrl":"https:\/\/coordly.co\/wp-content\/uploads\/2025\/11\/Integrac.png","articleSection":["BIM na Pr\u00e1tica","Coordena\u00e7\u00e3o de Projetos","Funcionalidades da Coordly"],"inLanguage":"en-US","potentialAction":[{"@type":"CommentAction","name":"Comment","target":["https:\/\/coordly.co\/blog\/coordly-integracao-foco-e-eficiencia-na-coordenacao-de-projetos-em-bim\/#respond"]}]},{"@type":"WebPage","@id":"https:\/\/coordly.co\/blog\/coordly-integracao-foco-e-eficiencia-na-coordenacao-de-projetos-em-bim\/","url":"https:\/\/coordly.co\/blog\/coordly-integracao-foco-e-eficiencia-na-coordenacao-de-projetos-em-bim\/","name":"Coordly: integra\u00e7\u00e3o, foco e efici\u00eancia na coordena\u00e7\u00e3o de projetos em BIM - Coordly","isPartOf":{"@id":"https:\/\/coordly.co\/#website"},"primaryImageOfPage":{"@id":"https:\/\/coordly.co\/blog\/coordly-integracao-foco-e-eficiencia-na-coordenacao-de-projetos-em-bim\/#primaryimage"},"image":{"@id":"https:\/\/coordly.co\/blog\/coordly-integracao-foco-e-eficiencia-na-coordenacao-de-projetos-em-bim\/#primaryimage"},"thumbnailUrl":"https:\/\/coordly.co\/wp-content\/uploads\/2025\/11\/Integrac.png","datePublished":"2025-11-14T18:10:34+00:00","dateModified":"2025-11-25T18:48:35+00:00","inLanguage":"en-US","potentialAction":[{"@type":"ReadAction","target":["https:\/\/coordly.co\/blog\/coordly-integracao-foco-e-eficiencia-na-coordenacao-de-projetos-em-bim\/"]}]},{"@type":"ImageObject","inLanguage":"en-US","@id":"https:\/\/coordly.co\/blog\/coordly-integracao-foco-e-eficiencia-na-coordenacao-de-projetos-em-bim\/#primaryimage","url":"https:\/\/coordly.co\/wp-content\/uploads\/2025\/11\/Integrac.png","contentUrl":"https:\/\/coordly.co\/wp-content\/uploads\/2025\/11\/Integrac.png","width":1536,"height":1024},{"@type":"WebSite","@id":"https:\/\/coordly.co\/#website","url":"https:\/\/coordly.co\/","name":"Coordly - Build it Better","description":"Build it Better","publisher":{"@id":"https:\/\/coordly.co\/#organization"},"alternateName":"Coordly","potentialAction":[{"@type":"SearchAction","target":{"@type":"EntryPoint","urlTemplate":"https:\/\/coordly.co\/?s={search_term_string}"},"query-input":{"@type":"PropertyValueSpecification","valueRequired":true,"valueName":"search_term_string"}}],"inLanguage":"en-US"},{"@type":"Organization","@id":"https:\/\/coordly.co\/#organization","name":"Coordly - Build it Better","alternateName":"Coordly","url":"https:\/\/coordly.co\/","logo":{"@type":"ImageObject","inLanguage":"en-US","@id":"https:\/\/coordly.co\/#\/schema\/logo\/image\/","url":"https:\/\/coordly.co\/wp-content\/uploads\/2024\/11\/Reducao-256px.png","contentUrl":"https:\/\/coordly.co\/wp-content\/uploads\/2024\/11\/Reducao-256px.png","width":256,"height":256,"caption":"Coordly - Build it Better"},"image":{"@id":"https:\/\/coordly.co\/#\/schema\/logo\/image\/"}},{"@type":"Person","@id":"https:\/\/coordly.co\/#\/schema\/person\/210e9009aed413d51acb010930197fd7","name":"admin","sameAs":["http:\/\/coordly.co"]}]}},"_links":{"self":[{"href":"https:\/\/coordly.co\/en\/wp-json\/wp\/v2\/posts\/2585","targetHints":{"allow":["GET"]}}],"collection":[{"href":"https:\/\/coordly.co\/en\/wp-json\/wp\/v2\/posts"}],"about":[{"href":"https:\/\/coordly.co\/en\/wp-json\/wp\/v2\/types\/post"}],"author":[{"embeddable":true,"href":"https:\/\/coordly.co\/en\/wp-json\/wp\/v2\/users\/1"}],"replies":[{"embeddable":true,"href":"https:\/\/coordly.co\/en\/wp-json\/wp\/v2\/comments?post=2585"}],"version-history":[{"count":13,"href":"https:\/\/coordly.co\/en\/wp-json\/wp\/v2\/posts\/2585\/revisions"}],"predecessor-version":[{"id":2605,"href":"https:\/\/coordly.co\/en\/wp-json\/wp\/v2\/posts\/2585\/revisions\/2605"}],"wp:featuredmedia":[{"embeddable":true,"href":"https:\/\/coordly.co\/en\/wp-json\/wp\/v2\/media\/2587"}],"wp:attachment":[{"href":"https:\/\/coordly.co\/en\/wp-json\/wp\/v2\/media?parent=2585"}],"wp:term":[{"taxonomy":"category","embeddable":true,"href":"https:\/\/coordly.co\/en\/wp-json\/wp\/v2\/categories?post=2585"},{"taxonomy":"post_tag","embeddable":true,"href":"https:\/\/coordly.co\/en\/wp-json\/wp\/v2\/tags?post=2585"}],"curies":[{"name":"wp","href":"https:\/\/api.w.org\/{rel}","templated":true}]}}