{"id":2645,"date":"2026-01-29T16:29:23","date_gmt":"2026-01-29T19:29:23","guid":{"rendered":"https:\/\/coordly.co\/?p=2645"},"modified":"2026-01-29T16:29:24","modified_gmt":"2026-01-29T19:29:24","slug":"concepcao-de-edificios-altos-desafios-solucoes-e-tendencias-em-projetos-residenciais-e-comerciais","status":"publish","type":"post","link":"https:\/\/coordly.co\/en\/blog\/concepcao-de-edificios-altos-desafios-solucoes-e-tendencias-em-projetos-residenciais-e-comerciais\/","title":{"rendered":"Concep\u00e7\u00e3o de edif\u00edcios altos: desafios, solu\u00e7\u00f5es e tend\u00eancias em projetos residenciais e comerciais"},"content":{"rendered":"<p>A verticaliza\u00e7\u00e3o se consolidou como uma resposta pr\u00e1tica \u00e0 press\u00e3o urbana: menos terrenos bem localizados, mais demanda por moradia e servi\u00e7os, e a necessidade de usar melhor a infraestrutura existente.&nbsp;<\/p>\n\n\n\n<p>Nesse cen\u00e1rio, edif\u00edcios altos ganham espa\u00e7o em projetos residenciais e comerciais, mas trazem uma consequ\u00eancia direta: a complexidade do empreendimento aumenta em v\u00e1rias frentes ao mesmo tempo.<\/p>\n\n\n\n<p>Quando a altura cresce, o projeto deixa de ser apenas um exerc\u00edcio arquitet\u00f4nico. Ele passa a exigir coordena\u00e7\u00e3o rigorosa entre engenharia, legisla\u00e7\u00e3o, desempenho, sustentabilidade e tecnologia.&nbsp;<\/p>\n\n\n\n<p>Al\u00e9m disso, escolhas feitas \u201cl\u00e1 no come\u00e7o\u201d influenciam custo, prazo, seguran\u00e7a e manuten\u00e7\u00e3o por anos. Por isso, a concep\u00e7\u00e3o de edif\u00edcios altos n\u00e3o admite decis\u00f5es isoladas: ela exige vis\u00e3o integrada e crit\u00e9rios claros desde a viabilidade.<\/p>\n\n\n\n<p>Este artigo organiza os principais pontos do processo, do in\u00edcio ao fim, destacando desafios estruturais, normas, estrat\u00e9gias de efici\u00eancia energ\u00e9tica e o papel das tecnologias digitais (como BIM) para reduzir riscos e aumentar previsibilidade.<\/p>\n\n\n\n<p>Continue a leitura!<\/p>\n\n\n\n<h2 class=\"wp-block-heading\"><strong>Concep\u00e7\u00e3o e viabilidade: onde tudo come\u00e7a<\/strong><\/h2>\n\n\n\n<p>A concep\u00e7\u00e3o de um edif\u00edcio alto come\u00e7a antes do primeiro estudo de fachada. Nessa etapa, voc\u00ea define o que \u00e9 poss\u00edvel construir, quanto vai custar sustentar essa decis\u00e3o e quais riscos podem explodir durante o caminho.<\/p>\n\n\n\n<h3 class=\"wp-block-heading\"><strong>Leitura do terreno e do entorno urbano<\/strong><\/h3>\n\n\n\n<p>O terreno \u201cmanda\u201d mais do que parece em edif\u00edcios altos. Ele define a localiza\u00e7\u00e3o em termos comerciais e em termos t\u00e9cnicos os limites de funda\u00e7\u00e3o, log\u00edstica de obra, acessos e at\u00e9 restri\u00e7\u00f5es de implanta\u00e7\u00e3o. Al\u00e9m disso, o entorno pode impor desafios de sombra, vento, vizinhan\u00e7a sens\u00edvel e interfer\u00eancias urbanas.<\/p>\n\n\n\n<p>Para evitar viabilidade ilus\u00f3ria, a an\u00e1lise inicial precisa cobrir, no m\u00ednimo:<\/p>\n\n\n\n<ul class=\"wp-block-list\">\n<li><strong>Condi\u00e7\u00f5es do terreno:<\/strong> topografia, dimens\u00f5es, restri\u00e7\u00f5es f\u00edsicas, acessos e interfer\u00eancias<\/li>\n\n\n\n<li><strong>Entorno constru\u00eddo:<\/strong> gabaritos vizinhos, proximidade de vias, \u00e1reas sens\u00edveis e impactos de vizinhan\u00e7a<\/li>\n\n\n\n<li><strong>Infraestrutura urbana:<\/strong> capacidade de redes, drenagem, acessos de servi\u00e7o e mobilidade<\/li>\n\n\n\n<li><strong>Ind\u00edcios geot\u00e9cnicos:<\/strong> hist\u00f3rico da regi\u00e3o, presen\u00e7a de aterros, solos moles e len\u00e7ol fre\u00e1tico<\/li>\n<\/ul>\n\n\n\n<p>Com isso, voc\u00ea reduz o risco de conceber um \u201cedif\u00edcio ideal\u201d que n\u00e3o fecha na execu\u00e7\u00e3o.<\/p>\n\n\n\n<h3 class=\"wp-block-heading\"><strong>Enquadramento legal e condicionantes de projeto<\/strong><\/h3>\n\n\n\n<p>Em edif\u00edcios altos, a legisla\u00e7\u00e3o n\u00e3o \u00e9 um checklist no final. Ela orienta a forma do edif\u00edcio desde o in\u00edcio. Zoneamento, gabarito, coeficiente de aproveitamento e recuos podem alterar o volume constru\u00eddo e, portanto, a viabilidade econ\u00f4mica.<\/p>\n\n\n\n<p>Aqui, a pr\u00e1tica que funciona \u00e9 traduzir regras em impacto de projeto:<\/p>\n\n\n\n<ul class=\"wp-block-list\">\n<li>O que a lei permite em <strong>altura e volumetria<\/strong><\/li>\n\n\n\n<li>Como os recuos e afastamentos afetam <strong>implanta\u00e7\u00e3o e \u00e1rea vend\u00e1vel<\/strong><\/li>\n\n\n\n<li>Quais exig\u00eancias pressionam o n\u00facleo t\u00e9cnico (escadas, elevadores, \u00e1reas t\u00e9cnicas)<\/li>\n\n\n\n<li>Quais obriga\u00e7\u00f5es interferem em <strong>seguran\u00e7a<\/strong> e <strong>acessibilidade<\/strong><\/li>\n<\/ul>\n\n\n\n<p>Quando voc\u00ea faz isso cedo, evita retrabalho estrutural e arquitet\u00f4nico em fase avan\u00e7ada.<\/p>\n\n\n\n<h3 class=\"wp-block-heading\"><strong>Tipologia do empreendimento: residencial, comercial ou uso misto<\/strong><\/h3>\n\n\n\n<p>A tipologia muda a concep\u00e7\u00e3o. Um edif\u00edcio comercial costuma exigir plantas mais flex\u00edveis, v\u00e3os maiores e infraestrutura robusta.&nbsp;<\/p>\n\n\n\n<p>J\u00e1 o residencial tende a priorizar conforto, ac\u00fastica, privacidade e repeti\u00e7\u00e3o inteligente de pavimentos. O uso misto combina demandas e aumenta a complexidade.<\/p>\n\n\n\n<p>Para orientar decis\u00f5es logo na viabilidade, vale mapear:<\/p>\n\n\n\n<ul class=\"wp-block-list\">\n<li><strong>Residencial:<\/strong> efici\u00eancia de layout, conforto t\u00e9rmico\/ac\u00fastico, repeti\u00e7\u00e3o de pavimentos, \u00e1reas comuns, conformidade com normas de desempenho (ABNT NBR 15575)\u00a0<\/li>\n\n\n\n<li><strong>Comercial:<\/strong> flexibilidade de planta, cargas e instala\u00e7\u00f5es, efici\u00eancia de circula\u00e7\u00e3o, demandas de opera\u00e7\u00e3o, custo de opera\u00e7\u00e3o e manuten\u00e7\u00e3o<\/li>\n\n\n\n<li><strong>Uso misto:<\/strong> separa\u00e7\u00e3o de fluxos, n\u00facleos distintos, performance de fachada e compatibiliza\u00e7\u00e3o intensiva<\/li>\n<\/ul>\n\n\n\n<p>Esse alinhamento evita \u201cpuxar\u201d o projeto para uma dire\u00e7\u00e3o e depois tentar corrigir no meio do caminho.<\/p>\n\n\n\n<h2 class=\"wp-block-heading\"><strong>Desafios estruturais e de engenharia em edif\u00edcios altos<\/strong><\/h2>\n\n\n\n<p>Estrutura n\u00e3o \u00e9 apenas dimensionamento: ela define custo, velocidade de execu\u00e7\u00e3o, log\u00edstica e at\u00e9 a experi\u00eancia do usu\u00e1rio. Em edif\u00edcios altos, alguns temas sempre aparecem e voc\u00ea precisa trat\u00e1-los como centrais na concep\u00e7\u00e3o.<\/p>\n\n\n\n<h3 class=\"wp-block-heading\"><strong>Vento e esfor\u00e7os horizontais: o jogo muda com a altura<\/strong><\/h3>\n\n\n\n<p>Conforme a altura aumenta, o vento deixa de ser detalhe e passa a ser protagonista. Ele imp\u00f5e esfor\u00e7os horizontais que afetam a estabilidade global, deslocamentos e conforto. Al\u00e9m disso, decis\u00f5es arquitet\u00f4nicas (forma, recortes, varandas, fachada) alteram o comportamento do edif\u00edcio.<\/p>\n\n\n\n<p>Na pr\u00e1tica, o vento impacta:<\/p>\n\n\n\n<ul class=\"wp-block-list\">\n<li><strong>Sistema resistente lateral<\/strong> (como o edif\u00edcio \u201csegura\u201d esfor\u00e7os horizontais)<\/li>\n\n\n\n<li><strong>Deslocamentos e vibra\u00e7\u00f5es<\/strong> (conforto e percep\u00e7\u00e3o dos ocupantes)<\/li>\n\n\n\n<li><strong>Detalhes construtivos<\/strong> (fachadas, elementos salientes, fixa\u00e7\u00f5es)<\/li>\n\n\n\n<li><strong>Custos estruturais<\/strong> (mais rigidez pode exigir mais material ou sistemas espec\u00edficos)<\/li>\n<\/ul>\n\n\n\n<p>Por isso, voc\u00ea precisa integrar arquitetura e estrutura cedo, para evitar uma \u201cforma\u201d que custa caro demais para estabilizar.<\/p>\n\n\n\n<h3 class=\"wp-block-heading\"><strong>Sistemas estruturais para edif\u00edcios altos: escolhas que definem execu\u00e7\u00e3o e custo<\/strong><\/h3>\n\n\n\n<p>A escolha do sistema estrutural depende de altura, geometria, uso e restri\u00e7\u00f5es arquitet\u00f4nicas. N\u00e3o existe \u201cmelhor sistema\u201d universal; existe o mais coerente com o contexto.<\/p>\n\n\n\n<p>Entre as solu\u00e7\u00f5es comuns, voc\u00ea normalmente avalia:<\/p>\n\n\n\n<ul class=\"wp-block-list\">\n<li><strong>N\u00facleo r\u00edgido<\/strong> (elevadores\/escadas atuando como elemento resistente)<\/li>\n\n\n\n<li><strong>P\u00f3rticos e sistemas mistos<\/strong> (combina\u00e7\u00f5es para rigidez e flexibilidade)<\/li>\n\n\n\n<li><strong>Paredes estruturais<\/strong> (quando a tipologia permite repeti\u00e7\u00e3o e alinhamento)<\/li>\n\n\n\n<li><strong>Solu\u00e7\u00f5es de contraventamento<\/strong> (quando a forma e os v\u00e3os exigem)<\/li>\n<\/ul>\n\n\n\n<p>O ponto-chave \u00e9 simples: voc\u00ea precisa casar <strong>desempenho estrutural<\/strong> com <strong>exequibilidade<\/strong>. Um sistema excelente no papel pode ser lento, caro e dif\u00edcil de executar em canteiro.<\/p>\n\n\n\n<h3 class=\"wp-block-heading\"><strong>Pavimentos de transi\u00e7\u00e3o: onde a complexidade se concentra<\/strong><\/h3>\n\n\n\n<p>Em edif\u00edcios altos, pavimentos de transi\u00e7\u00e3o aparecem quando a estrutura precisa \u201cmudar de l\u00f3gica\u201d, seja por altera\u00e7\u00e3o de uso, por \u00e1reas comuns, por garagens, por pilotis ou por mudan\u00e7as geom\u00e9tricas. Eles concentram redistribui\u00e7\u00e3o de cargas e interferem fortemente no cronograma.<\/p>\n\n\n\n<p>Voc\u00ea precisa tratar pavimentos de transi\u00e7\u00e3o como pontos cr\u00edticos porque eles:<\/p>\n\n\n\n<ul class=\"wp-block-list\">\n<li>exigem mais coordena\u00e7\u00e3o entre estrutura, arquitetura e instala\u00e7\u00f5es<\/li>\n\n\n\n<li>aumentam a chance de interfer\u00eancias e mudan\u00e7as de \u00faltima hora<\/li>\n\n\n\n<li>pressionam a execu\u00e7\u00e3o (escoramentos, formas, sequ\u00eancias construtivas)<\/li>\n<\/ul>\n\n\n\n<p>Quando voc\u00ea antecipa esse risco na concep\u00e7\u00e3o, voc\u00ea evita improviso caro no canteiro.<\/p>\n\n\n\n<h3 class=\"wp-block-heading\"><strong>Funda\u00e7\u00f5es profundas e solos imprevis\u00edveis<\/strong><\/h3>\n\n\n\n<p>Edif\u00edcios altos exigem funda\u00e7\u00f5es capazes de levar grandes cargas ao solo com seguran\u00e7a. A investiga\u00e7\u00e3o geot\u00e9cnica, portanto, n\u00e3o \u00e9 um formalismo: ela \u00e9 um seguro de viabilidade.<\/p>\n\n\n\n<p><a href=\"https:\/\/coordly.co\/blog\/fundacoes-e-contencoes-como-antecipar-a-geotecnia-garante-obras-mais-seguras-e-rentaveis\/\">Funda\u00e7\u00f5es e Conten\u00e7\u00f5es: como antecipar a geotecnia garante obras mais seguras e rent\u00e1veis<\/a><\/p>\n\n\n\n<p>Alguns riscos comuns que exigem aten\u00e7\u00e3o na concep\u00e7\u00e3o:<\/p>\n\n\n\n<ul class=\"wp-block-list\">\n<li>presen\u00e7a de <strong>solos moles<\/strong> e recalques diferenciais<\/li>\n\n\n\n<li>\u00e1reas com <strong>aterros<\/strong> e hist\u00f3rico de uso problem\u00e1tico<\/li>\n\n\n\n<li><strong>len\u00e7ol fre\u00e1tico<\/strong> alto e desafios de conten\u00e7\u00e3o\/escava\u00e7\u00e3o<\/li>\n\n\n\n<li>variabilidade geol\u00f3gica significativa no mesmo lote<\/li>\n<\/ul>\n\n\n\n<p>Aqui, a regra \u00e9 clara: quanto mais cedo voc\u00ea reduz incerteza, menos surpresa aparece na execu\u00e7\u00e3o e menos o or\u00e7amento \u201cexplode\u201d.<\/p>\n\n\n\n<h2 class=\"wp-block-heading\"><strong>Sustentabilidade, desempenho e regulamenta\u00e7\u00e3o na gest\u00e3o de edif\u00edcios altos<\/strong><\/h2>\n\n\n\n<p>Sustentabilidade e normas n\u00e3o entram no final \u201cpara ajustar\u201d. Em edif\u00edcios altos, elas moldam decis\u00f5es de forma, n\u00facleo, instala\u00e7\u00f5es e fachada. Por isso, voc\u00ea ganha efici\u00eancia quando trabalha tudo junto, de forma integrada.<\/p>\n\n\n\n<h3 class=\"wp-block-heading\"><strong>Seguran\u00e7a, inc\u00eandio e rotas de fuga influenciam o desenho<\/strong><\/h3>\n\n\n\n<p>Regras de seguran\u00e7a contra inc\u00eandio e evacua\u00e7\u00e3o afetam diretamente arquitetura e engenharia. Elas impactam escadas, pressuriza\u00e7\u00e3o, compartimenta\u00e7\u00f5es, sa\u00eddas, acessos e \u00e1reas t\u00e9cnicas. Se voc\u00ea ignora isso na concep\u00e7\u00e3o, voc\u00ea paga o pre\u00e7o em retrabalho e perda de efici\u00eancia de planta.<\/p>\n\n\n\n<p>Na pr\u00e1tica, esses requisitos influenciam:<\/p>\n\n\n\n<ul class=\"wp-block-list\">\n<li><strong>dimensionamento e posicionamento<\/strong> de escadas e rotas de fuga<\/li>\n\n\n\n<li>\u00e1reas t\u00e9cnicas e infraestrutura de <strong>prote\u00e7\u00e3o ativa e passiva<\/strong><\/li>\n\n\n\n<li>desenho de <strong>n\u00facleos<\/strong> e circula\u00e7\u00e3o vertical<\/li>\n<\/ul>\n\n\n\n<p>Trabalhar isso cedo melhora a efici\u00eancia e reduz mudan\u00e7as tardias.<\/p>\n\n\n\n<h3 class=\"wp-block-heading\"><strong>Efici\u00eancia energ\u00e9tica: reduzir consumo sem comprometer conforto<\/strong><\/h3>\n\n\n\n<p>Edif\u00edcios altos podem ter consumo energ\u00e9tico alto, especialmente em usos comerciais. Por isso, voc\u00ea precisa combinar estrat\u00e9gia passiva com sistemas eficientes. E, como a fachada tem impacto direto, decis\u00f5es arquitet\u00f4nicas e de engenharia precisam estar alinhadas.<\/p>\n\n\n\n<p>Boas decis\u00f5es de concep\u00e7\u00e3o costumam concentrar esfor\u00e7os em:<\/p>\n\n\n\n<ul class=\"wp-block-list\">\n<li>desempenho de fachada (prote\u00e7\u00e3o solar, vidros, sombreamento e estanqueidade)<\/li>\n\n\n\n<li>ilumina\u00e7\u00e3o natural equilibrada (reduz carga el\u00e9trica sem aumentar ganho t\u00e9rmico)<\/li>\n\n\n\n<li>ventila\u00e7\u00e3o e conforto t\u00e9rmico coerentes com o clima e a tipologia<\/li>\n\n\n\n<li>sele\u00e7\u00e3o de sistemas prediais eficientes e bem dimensionados<\/li>\n<\/ul>\n\n\n\n<p>Quando voc\u00ea toma essas decis\u00f5es como \u201cprojeto\u201d, e n\u00e3o como \u201cajuste\u201d, o resultado costuma ser mais previs\u00edvel e sustent\u00e1vel.<\/p>\n\n\n\n<h3 class=\"wp-block-heading\"><strong>Certifica\u00e7\u00f5es como LEED e AQUA: quando fazem sentido para edif\u00edcios altos<\/strong><\/h3>\n\n\n\n<p>Certifica\u00e7\u00f5es podem ajudar a estruturar metas e crit\u00e9rios desde cedo. Em vez de virar uma corrida no final, elas funcionam melhor quando orientam decis\u00f5es de material, \u00e1gua, energia e qualidade do ambiente interno.<\/p>\n\n\n\n<p>Em geral, elas fazem mais sentido quando o empreendimento busca:<\/p>\n\n\n\n<ul class=\"wp-block-list\">\n<li><strong>redu\u00e7\u00e3o de custos operacionais<\/strong> ao longo do tempo (em especial para empreendimentos comerciais)<\/li>\n\n\n\n<li><strong>valoriza\u00e7\u00e3o do ativo<\/strong> e diferencia\u00e7\u00e3o de mercado<\/li>\n\n\n\n<li>metas claras de desempenho ambiental (energia, \u00e1gua, materiais)<\/li>\n<\/ul>\n\n\n\n<h2 class=\"wp-block-heading\"><strong>Tecnologia e coordena\u00e7\u00e3o como fator cr\u00edtico (BIM)<\/strong><\/h2>\n\n\n\n<p>Edif\u00edcios altos exigem muita compatibiliza\u00e7\u00e3o e controle. Quanto maior a densidade de sistemas e interfaces (estrutura, instala\u00e7\u00f5es, fachada, n\u00facleo), maior o risco de interfer\u00eancia e retrabalho. Por isso, a coordena\u00e7\u00e3o t\u00e9cnica precisa ser um processo, n\u00e3o um evento.<\/p>\n\n\n\n<h3 class=\"wp-block-heading\"><strong>Por que BIM deixa de ser \u201cdiferencial\u201d e vira necessidade<\/strong><\/h3>\n\n\n\n<p>Em projetos verticais complexos, BIM ajuda a coordenar informa\u00e7\u00f5es e reduzir conflitos entre disciplinas. Ele melhora a previsibilidade quando voc\u00ea usa o modelo como ferramenta de decis\u00e3o, e n\u00e3o apenas como \u201centrega\u201d.<\/p>\n\n\n\n<p>Em termos pr\u00e1ticos, BIM contribui para:<\/p>\n\n\n\n<ul class=\"wp-block-list\">\n<li><strong>coordena\u00e7\u00e3o entre disciplinas<\/strong> com menor ru\u00eddo<\/li>\n\n\n\n<li><strong>detec\u00e7\u00e3o de interfer\u00eancias<\/strong> antes da obra<\/li>\n\n\n\n<li>maior precis\u00e3o de <strong>quantitativos<\/strong> e consist\u00eancia de documenta\u00e7\u00e3o<\/li>\n\n\n\n<li>simula\u00e7\u00f5es e an\u00e1lises que apoiam decis\u00f5es (quando aplic\u00e1vel)<\/li>\n<\/ul>\n\n\n\n<h3 class=\"wp-block-heading\"><strong>Coordena\u00e7\u00e3o e planejamento: menos retrabalho, mais previsibilidade<\/strong><\/h3>\n\n\n\n<p>A grande vantagem est\u00e1 na coordena\u00e7\u00e3o bem feita. Quando a equipe define padr\u00f5es, responsabilidades e rotinas de valida\u00e7\u00e3o, o projeto evolui com menos choque entre disciplinas. Isso reduz retrabalho e melhora a confiabilidade das entregas.<\/p>\n\n\n\n<p>Alguns elementos simples aumentam muito a efic\u00e1cia:<\/p>\n\n\n\n<ul class=\"wp-block-list\">\n<li>defini\u00e7\u00e3o clara de <strong>respons\u00e1veis por disciplina<\/strong> e valida\u00e7\u00f5es<\/li>\n\n\n\n<li>rotina de revis\u00f5es com crit\u00e9rios objetivos (n\u00e3o \u201cachismo\u201d)<\/li>\n\n\n\n<li>controle de vers\u00f5es e rastreabilidade de decis\u00f5es<\/li>\n\n\n\n<li>alinhamento de prazos entre projeto e obra (projeto \u201cno tempo certo\u201d)<\/li>\n<\/ul>\n\n\n\n<h3 class=\"wp-block-heading\"><strong>Continuidade de informa\u00e7\u00e3o no ciclo do edif\u00edcio<\/strong><\/h3>\n\n\n\n<p>Em edif\u00edcios altos, opera\u00e7\u00e3o e manuten\u00e7\u00e3o s\u00e3o complexas. Quando voc\u00ea organiza informa\u00e7\u00e3o desde a concep\u00e7\u00e3o, voc\u00ea facilita a gest\u00e3o do ativo no longo prazo. Isso vale especialmente para sistemas prediais, fachada e \u00e1reas t\u00e9cnicas.<\/p>\n\n\n\n<h2 class=\"wp-block-heading\"><strong>Como a Coordly apoia a coordena\u00e7\u00e3o de projetos em edif\u00edcios altos<\/strong><\/h2>\n\n\n\n<p>Your <strong>Coordly<\/strong> \u00e9 uma plataforma voltada \u00e0 <strong>coordena\u00e7\u00e3o e organiza\u00e7\u00e3o de projetos na constru\u00e7\u00e3o civil<\/strong>, atuando como uma camada de apoio para equipes que lidam com m\u00faltiplas disciplinas, revis\u00f5es constantes e alto volume de informa\u00e7\u00f5es.&nbsp;<\/p>\n\n\n\n<p>Em projetos de edif\u00edcios altos, onde decis\u00f5es t\u00e9cnicas s\u00e3o interdependentes e a perda de informa\u00e7\u00e3o gera riscos relevantes, a Coordly contribui ao estruturar o fluxo de documentos, comunica\u00e7\u00f5es e entregas ao longo das diferentes fases do empreendimento, sem substituir ferramentas t\u00e9cnicas de projeto ou c\u00e1lculo.<\/p>\n\n\n\n<h3 class=\"wp-block-heading\"><strong>Conhe\u00e7a as principais funcionalidades da Coordly<\/strong><\/h3>\n\n\n\n<p>Entre as funcionalidades que apoiam diretamente esse processo, destacam-se:<\/p>\n\n\n\n<ul class=\"wp-block-list\">\n<li>Centraliza\u00e7\u00e3o de documentos e arquivos t\u00e9cnicos por projeto<\/li>\n\n\n\n<li>Organiza\u00e7\u00e3o e controle de vers\u00f5es de documentos<\/li>\n\n\n\n<li>Rastreabilidade de informa\u00e7\u00f5es e entregas ao longo do tempo<\/li>\n\n\n\n<li>Gest\u00e3o e controle de plotagens<\/li>\n\n\n\n<li>Apoio \u00e0 coordena\u00e7\u00e3o entre equipes e disciplinas<\/li>\n\n\n\n<li>Continuidade da informa\u00e7\u00e3o entre fases de projeto e obra<\/li>\n\n\n\n<li>Acesso facilitado \u00e0s informa\u00e7\u00f5es em campo<\/li>\n\n\n\n<li>Flexibilidade de uso conforme a maturidade e complexidade do projeto<\/li>\n<\/ul>\n\n\n\n<p>Ao atuar como uma plataforma de <strong>organiza\u00e7\u00e3o, rastreabilidade e apoio \u00e0 coordena\u00e7\u00e3o<\/strong>, a Coordly ajuda equipes t\u00e9cnicas a reduzir ru\u00eddos de comunica\u00e7\u00e3o, minimizar retrabalho e manter maior controle sobre o processo decis\u00f3rio em projetos complexos.&nbsp;<\/p>\n\n\n\n<p>Em edif\u00edcios altos, essa abordagem contribui para uma concep\u00e7\u00e3o mais organizada e uma transi\u00e7\u00e3o mais segura entre projeto e execu\u00e7\u00e3o, refor\u00e7ando a governan\u00e7a do empreendimento como um todo.<\/p>\n\n\n\n<h2 class=\"wp-block-heading\"><strong>Tend\u00eancias para a concep\u00e7\u00e3o de edif\u00edcios altos<\/strong><\/h2>\n\n\n\n<p>A concep\u00e7\u00e3o de edif\u00edcios altos segue uma dire\u00e7\u00e3o clara: integra\u00e7\u00e3o, efici\u00eancia e multifuncionalidade.&nbsp;<\/p>\n\n\n\n<p>Projetos de uso misto ganham espa\u00e7o por otimizar infraestrutura urbana e oferecer experi\u00eancia mais completa para o usu\u00e1rio. Ao mesmo tempo, solu\u00e7\u00f5es de automa\u00e7\u00e3o e edif\u00edcios inteligentes crescem, sobretudo em empreendimentos comerciais e corporativos.<\/p>\n\n\n\n<p>Na engenharia, sistemas mais industrializados e materiais de maior desempenho tendem a ganhar protagonismo, mas s\u00f3 geram benef\u00edcio quando o projeto e a execu\u00e7\u00e3o trabalham com coordena\u00e7\u00e3o s\u00f3lida.&nbsp;<\/p>\n\n\n\n<p>Al\u00e9m disso, as exig\u00eancias de desempenho e sustentabilidade aumentam, pressionando ainda mais o custo e a qualidade das decis\u00f5es tomadas na concep\u00e7\u00e3o.No fim, a mensagem principal \u00e9 simples: edif\u00edcios altos exigem vis\u00e3o integrada e coordena\u00e7\u00e3o desde o in\u00edcio.&nbsp;<\/p>\n\n\n\n<p>Quando arquitetura, engenharia, regulamenta\u00e7\u00e3o, sustentabilidade e tecnologia se conectam cedo, o empreendimento ganha previsibilidade, reduz riscos e aumenta a chance de entregar seguran\u00e7a, desempenho e viabilidade econ\u00f4mica ao mesmo tempo.<\/p>\n\n\n\n<p>Descubra como a Coordly pode agregar na sua obra, fa\u00e7a um diagn\u00f3stico da sua coordena\u00e7\u00e3o com nossos especialistas e conhe\u00e7a nosso CDE.<\/p>\n\n\n\n<h3 class=\"wp-block-heading\"><strong>Meta descri\u00e7\u00e3o<\/strong><\/h3>\n\n\n\n<p><strong>Op\u00e7\u00e3o recomendada (institucional)<\/strong>: Conhe\u00e7a os principais desafios, solu\u00e7\u00f5es e tend\u00eancias na concep\u00e7\u00e3o de edif\u00edcios altos residenciais e comerciais, da viabilidade \u00e0 coordena\u00e7\u00e3o t\u00e9cnica.<\/p>\n\n\n\n<p><strong>Op\u00e7\u00e3o alternativa (mais t\u00e9cnica):<\/strong> Entenda como funciona a concep\u00e7\u00e3o de edif\u00edcios altos, os desafios estruturais, normas, sustentabilidade e o papel da tecnologia na coordena\u00e7\u00e3o de projetos.<\/p>\n\n\n\n<p><strong>Palavra-chave principal<\/strong><\/p>\n\n\n\n<ul class=\"wp-block-list\">\n<li>edif\u00edcios altos<\/li>\n<\/ul>\n\n\n\n<p><strong>Palavras-chave secund\u00e1rias<\/strong><\/p>\n\n\n\n<ul class=\"wp-block-list\">\n<li>concep\u00e7\u00e3o de edif\u00edcios altos<\/li>\n\n\n\n<li>projeto de edif\u00edcios altos<\/li>\n\n\n\n<li>edif\u00edcios altos residenciais<\/li>\n\n\n\n<li>edif\u00edcios altos comerciais<\/li>\n\n\n\n<li>engenharia de edif\u00edcios altos<\/li>\n\n\n\n<li>desafios estruturais em edif\u00edcios altos<\/li>\n\n\n\n<li>sustentabilidade em edif\u00edcios altos<\/li>\n\n\n\n<li>regulamenta\u00e7\u00e3o para edif\u00edcios altos<\/li>\n\n\n\n<li>BIM em edif\u00edcios altos<\/li>\n\n\n\n<li>coordena\u00e7\u00e3o de projetos na constru\u00e7\u00e3o civil<\/li>\n<\/ul>\n\n\n\n<p><strong>Links de apoio para o linkbuilding<\/strong><\/p>\n\n\n\n<ul class=\"wp-block-list\">\n<li>Associa\u00e7\u00e3o Brasileira de Normas T\u00e9cnicas (ABNT) https:\/\/www.abnt.org.br<\/li>\n\n\n\n<li>Conselho de Arquitetura e Urbanismo do Brasil (CAU\/BR) https:\/\/www.caubr.gov.br<\/li>\n\n\n\n<li>Conselho Federal de Engenharia e Agronomia (CONFEA) https:\/\/www.confea.org.br<\/li>\n\n\n\n<li>Funda\u00e7\u00e3o Vanzolini \u2013 Certifica\u00e7\u00e3o AQUA-HQE https:\/\/vanzolini.org.br\/aqua-hqe<\/li>\n\n\n\n<li>Sindicato da Ind\u00fastria da Constru\u00e7\u00e3o Civil (SINDUSCON \u2013 nacional ou estadual) https:\/\/www.sinduscongoias.com.br<\/li>\n\n\n\n<li>U.S. Green Building Council (LEED) \u2014 https:\/\/www.usgbc.org\/leed<\/li>\n<\/ul>\n\n\n\n<p><\/p>","protected":false},"excerpt":{"rendered":"<p>A verticaliza\u00e7\u00e3o se consolidou como uma resposta pr\u00e1tica \u00e0 press\u00e3o urbana: menos terrenos bem localizados, mais demanda por moradia e servi\u00e7os, e a necessidade de usar melhor a infraestrutura existente.&nbsp; Nesse cen\u00e1rio, edif\u00edcios altos ganham espa\u00e7o em projetos residenciais e comerciais, mas trazem uma consequ\u00eancia direta: a complexidade do empreendimento aumenta em v\u00e1rias frentes ao [&hellip;]<\/p>","protected":false},"author":1,"featured_media":2647,"comment_status":"open","ping_status":"open","sticky":false,"template":"","format":"standard","meta":{"footnotes":""},"categories":[61,59,67],"tags":[],"class_list":["post-2645","post","type-post","status-publish","format-standard","has-post-thumbnail","hentry","category-bim-na-pratica","category-coordenacao-de-projetos","category-para-arquitetos-e-engenheiros"],"yoast_head":"<!-- This site is optimized with the Yoast SEO plugin v26.9 - https:\/\/yoast.com\/product\/yoast-seo-wordpress\/ -->\n<title>Concep\u00e7\u00e3o de edif\u00edcios altos: desafios, solu\u00e7\u00f5es e tend\u00eancias em projetos residenciais e comerciais - Coordly<\/title>\n<meta name=\"robots\" content=\"index, follow, max-snippet:-1, max-image-preview:large, max-video-preview:-1\" \/>\n<link rel=\"canonical\" href=\"https:\/\/coordly.co\/en\/blog\/concepcao-de-edificios-altos-desafios-solucoes-e-tendencias-em-projetos-residenciais-e-comerciais\/\" \/>\n<meta property=\"og:locale\" content=\"en_US\" \/>\n<meta property=\"og:type\" content=\"article\" \/>\n<meta property=\"og:title\" content=\"Concep\u00e7\u00e3o de edif\u00edcios altos: desafios, solu\u00e7\u00f5es e tend\u00eancias em projetos residenciais e comerciais - Coordly\" \/>\n<meta property=\"og:description\" content=\"A verticaliza\u00e7\u00e3o se consolidou como uma resposta pr\u00e1tica \u00e0 press\u00e3o urbana: menos terrenos bem localizados, mais demanda por moradia e servi\u00e7os, e a necessidade de usar melhor a infraestrutura existente.&nbsp; Nesse cen\u00e1rio, edif\u00edcios altos ganham espa\u00e7o em projetos residenciais e comerciais, mas trazem uma consequ\u00eancia direta: a complexidade do empreendimento aumenta em v\u00e1rias frentes ao [&hellip;]\" \/>\n<meta property=\"og:url\" content=\"https:\/\/coordly.co\/en\/blog\/concepcao-de-edificios-altos-desafios-solucoes-e-tendencias-em-projetos-residenciais-e-comerciais\/\" \/>\n<meta property=\"og:site_name\" content=\"Coordly\" \/>\n<meta property=\"article:published_time\" content=\"2026-01-29T19:29:23+00:00\" \/>\n<meta property=\"article:modified_time\" content=\"2026-01-29T19:29:24+00:00\" \/>\n<meta property=\"og:image\" content=\"https:\/\/coordly.co\/wp-content\/uploads\/2026\/01\/Concepcao-de-edificios-altos.png\" \/>\n\t<meta property=\"og:image:width\" content=\"1536\" \/>\n\t<meta property=\"og:image:height\" content=\"1024\" \/>\n\t<meta property=\"og:image:type\" content=\"image\/png\" \/>\n<meta name=\"author\" content=\"admin\" \/>\n<meta name=\"twitter:card\" content=\"summary_large_image\" \/>\n<meta name=\"twitter:label1\" content=\"Written by\" \/>\n\t<meta name=\"twitter:data1\" content=\"admin\" \/>\n\t<meta name=\"twitter:label2\" content=\"Est. reading time\" \/>\n\t<meta name=\"twitter:data2\" content=\"12 minutes\" \/>\n<script type=\"application\/ld+json\" class=\"yoast-schema-graph\">{\"@context\":\"https:\/\/schema.org\",\"@graph\":[{\"@type\":\"Article\",\"@id\":\"https:\/\/coordly.co\/blog\/concepcao-de-edificios-altos-desafios-solucoes-e-tendencias-em-projetos-residenciais-e-comerciais\/#article\",\"isPartOf\":{\"@id\":\"https:\/\/coordly.co\/blog\/concepcao-de-edificios-altos-desafios-solucoes-e-tendencias-em-projetos-residenciais-e-comerciais\/\"},\"author\":{\"name\":\"admin\",\"@id\":\"https:\/\/coordly.co\/#\/schema\/person\/210e9009aed413d51acb010930197fd7\"},\"headline\":\"Concep\u00e7\u00e3o de edif\u00edcios altos: desafios, solu\u00e7\u00f5es e tend\u00eancias em projetos residenciais e comerciais\",\"datePublished\":\"2026-01-29T19:29:23+00:00\",\"dateModified\":\"2026-01-29T19:29:24+00:00\",\"mainEntityOfPage\":{\"@id\":\"https:\/\/coordly.co\/blog\/concepcao-de-edificios-altos-desafios-solucoes-e-tendencias-em-projetos-residenciais-e-comerciais\/\"},\"wordCount\":2558,\"commentCount\":0,\"publisher\":{\"@id\":\"https:\/\/coordly.co\/#organization\"},\"image\":{\"@id\":\"https:\/\/coordly.co\/blog\/concepcao-de-edificios-altos-desafios-solucoes-e-tendencias-em-projetos-residenciais-e-comerciais\/#primaryimage\"},\"thumbnailUrl\":\"https:\/\/coordly.co\/wp-content\/uploads\/2026\/01\/Concepcao-de-edificios-altos.png\",\"articleSection\":[\"BIM na Pr\u00e1tica\",\"Coordena\u00e7\u00e3o de Projetos\",\"Para Arquitetos e Engenheiros\"],\"inLanguage\":\"en-US\",\"potentialAction\":[{\"@type\":\"CommentAction\",\"name\":\"Comment\",\"target\":[\"https:\/\/coordly.co\/blog\/concepcao-de-edificios-altos-desafios-solucoes-e-tendencias-em-projetos-residenciais-e-comerciais\/#respond\"]}]},{\"@type\":\"WebPage\",\"@id\":\"https:\/\/coordly.co\/blog\/concepcao-de-edificios-altos-desafios-solucoes-e-tendencias-em-projetos-residenciais-e-comerciais\/\",\"url\":\"https:\/\/coordly.co\/blog\/concepcao-de-edificios-altos-desafios-solucoes-e-tendencias-em-projetos-residenciais-e-comerciais\/\",\"name\":\"Concep\u00e7\u00e3o de edif\u00edcios altos: desafios, solu\u00e7\u00f5es e tend\u00eancias em projetos residenciais e comerciais - Coordly\",\"isPartOf\":{\"@id\":\"https:\/\/coordly.co\/#website\"},\"primaryImageOfPage\":{\"@id\":\"https:\/\/coordly.co\/blog\/concepcao-de-edificios-altos-desafios-solucoes-e-tendencias-em-projetos-residenciais-e-comerciais\/#primaryimage\"},\"image\":{\"@id\":\"https:\/\/coordly.co\/blog\/concepcao-de-edificios-altos-desafios-solucoes-e-tendencias-em-projetos-residenciais-e-comerciais\/#primaryimage\"},\"thumbnailUrl\":\"https:\/\/coordly.co\/wp-content\/uploads\/2026\/01\/Concepcao-de-edificios-altos.png\",\"datePublished\":\"2026-01-29T19:29:23+00:00\",\"dateModified\":\"2026-01-29T19:29:24+00:00\",\"inLanguage\":\"en-US\",\"potentialAction\":[{\"@type\":\"ReadAction\",\"target\":[\"https:\/\/coordly.co\/blog\/concepcao-de-edificios-altos-desafios-solucoes-e-tendencias-em-projetos-residenciais-e-comerciais\/\"]}]},{\"@type\":\"ImageObject\",\"inLanguage\":\"en-US\",\"@id\":\"https:\/\/coordly.co\/blog\/concepcao-de-edificios-altos-desafios-solucoes-e-tendencias-em-projetos-residenciais-e-comerciais\/#primaryimage\",\"url\":\"https:\/\/coordly.co\/wp-content\/uploads\/2026\/01\/Concepcao-de-edificios-altos.png\",\"contentUrl\":\"https:\/\/coordly.co\/wp-content\/uploads\/2026\/01\/Concepcao-de-edificios-altos.png\",\"width\":1536,\"height\":1024},{\"@type\":\"WebSite\",\"@id\":\"https:\/\/coordly.co\/#website\",\"url\":\"https:\/\/coordly.co\/\",\"name\":\"Coordly - Build it Better\",\"description\":\"Build it Better\",\"publisher\":{\"@id\":\"https:\/\/coordly.co\/#organization\"},\"alternateName\":\"Coordly\",\"potentialAction\":[{\"@type\":\"SearchAction\",\"target\":{\"@type\":\"EntryPoint\",\"urlTemplate\":\"https:\/\/coordly.co\/?s={search_term_string}\"},\"query-input\":{\"@type\":\"PropertyValueSpecification\",\"valueRequired\":true,\"valueName\":\"search_term_string\"}}],\"inLanguage\":\"en-US\"},{\"@type\":\"Organization\",\"@id\":\"https:\/\/coordly.co\/#organization\",\"name\":\"Coordly - Build it Better\",\"alternateName\":\"Coordly\",\"url\":\"https:\/\/coordly.co\/\",\"logo\":{\"@type\":\"ImageObject\",\"inLanguage\":\"en-US\",\"@id\":\"https:\/\/coordly.co\/#\/schema\/logo\/image\/\",\"url\":\"https:\/\/coordly.co\/wp-content\/uploads\/2024\/11\/Reducao-256px.png\",\"contentUrl\":\"https:\/\/coordly.co\/wp-content\/uploads\/2024\/11\/Reducao-256px.png\",\"width\":256,\"height\":256,\"caption\":\"Coordly - Build it Better\"},\"image\":{\"@id\":\"https:\/\/coordly.co\/#\/schema\/logo\/image\/\"}},{\"@type\":\"Person\",\"@id\":\"https:\/\/coordly.co\/#\/schema\/person\/210e9009aed413d51acb010930197fd7\",\"name\":\"admin\",\"sameAs\":[\"http:\/\/coordly.co\"]}]}<\/script>\n<!-- \/ Yoast SEO plugin. -->","yoast_head_json":{"title":"Concep\u00e7\u00e3o de edif\u00edcios altos: desafios, solu\u00e7\u00f5es e tend\u00eancias em projetos residenciais e comerciais - Coordly","robots":{"index":"index","follow":"follow","max-snippet":"max-snippet:-1","max-image-preview":"max-image-preview:large","max-video-preview":"max-video-preview:-1"},"canonical":"https:\/\/coordly.co\/en\/blog\/concepcao-de-edificios-altos-desafios-solucoes-e-tendencias-em-projetos-residenciais-e-comerciais\/","og_locale":"en_US","og_type":"article","og_title":"Concep\u00e7\u00e3o de edif\u00edcios altos: desafios, solu\u00e7\u00f5es e tend\u00eancias em projetos residenciais e comerciais - Coordly","og_description":"A verticaliza\u00e7\u00e3o se consolidou como uma resposta pr\u00e1tica \u00e0 press\u00e3o urbana: menos terrenos bem localizados, mais demanda por moradia e servi\u00e7os, e a necessidade de usar melhor a infraestrutura existente.&nbsp; Nesse cen\u00e1rio, edif\u00edcios altos ganham espa\u00e7o em projetos residenciais e comerciais, mas trazem uma consequ\u00eancia direta: a complexidade do empreendimento aumenta em v\u00e1rias frentes ao [&hellip;]","og_url":"https:\/\/coordly.co\/en\/blog\/concepcao-de-edificios-altos-desafios-solucoes-e-tendencias-em-projetos-residenciais-e-comerciais\/","og_site_name":"Coordly","article_published_time":"2026-01-29T19:29:23+00:00","article_modified_time":"2026-01-29T19:29:24+00:00","og_image":[{"width":1536,"height":1024,"url":"https:\/\/coordly.co\/wp-content\/uploads\/2026\/01\/Concepcao-de-edificios-altos.png","type":"image\/png"}],"author":"admin","twitter_card":"summary_large_image","twitter_misc":{"Written by":"admin","Est. reading time":"12 minutes"},"schema":{"@context":"https:\/\/schema.org","@graph":[{"@type":"Article","@id":"https:\/\/coordly.co\/blog\/concepcao-de-edificios-altos-desafios-solucoes-e-tendencias-em-projetos-residenciais-e-comerciais\/#article","isPartOf":{"@id":"https:\/\/coordly.co\/blog\/concepcao-de-edificios-altos-desafios-solucoes-e-tendencias-em-projetos-residenciais-e-comerciais\/"},"author":{"name":"admin","@id":"https:\/\/coordly.co\/#\/schema\/person\/210e9009aed413d51acb010930197fd7"},"headline":"Concep\u00e7\u00e3o de edif\u00edcios altos: desafios, solu\u00e7\u00f5es e tend\u00eancias em projetos residenciais e comerciais","datePublished":"2026-01-29T19:29:23+00:00","dateModified":"2026-01-29T19:29:24+00:00","mainEntityOfPage":{"@id":"https:\/\/coordly.co\/blog\/concepcao-de-edificios-altos-desafios-solucoes-e-tendencias-em-projetos-residenciais-e-comerciais\/"},"wordCount":2558,"commentCount":0,"publisher":{"@id":"https:\/\/coordly.co\/#organization"},"image":{"@id":"https:\/\/coordly.co\/blog\/concepcao-de-edificios-altos-desafios-solucoes-e-tendencias-em-projetos-residenciais-e-comerciais\/#primaryimage"},"thumbnailUrl":"https:\/\/coordly.co\/wp-content\/uploads\/2026\/01\/Concepcao-de-edificios-altos.png","articleSection":["BIM na Pr\u00e1tica","Coordena\u00e7\u00e3o de Projetos","Para Arquitetos e Engenheiros"],"inLanguage":"en-US","potentialAction":[{"@type":"CommentAction","name":"Comment","target":["https:\/\/coordly.co\/blog\/concepcao-de-edificios-altos-desafios-solucoes-e-tendencias-em-projetos-residenciais-e-comerciais\/#respond"]}]},{"@type":"WebPage","@id":"https:\/\/coordly.co\/blog\/concepcao-de-edificios-altos-desafios-solucoes-e-tendencias-em-projetos-residenciais-e-comerciais\/","url":"https:\/\/coordly.co\/blog\/concepcao-de-edificios-altos-desafios-solucoes-e-tendencias-em-projetos-residenciais-e-comerciais\/","name":"Concep\u00e7\u00e3o de edif\u00edcios altos: desafios, solu\u00e7\u00f5es e tend\u00eancias em projetos residenciais e comerciais - Coordly","isPartOf":{"@id":"https:\/\/coordly.co\/#website"},"primaryImageOfPage":{"@id":"https:\/\/coordly.co\/blog\/concepcao-de-edificios-altos-desafios-solucoes-e-tendencias-em-projetos-residenciais-e-comerciais\/#primaryimage"},"image":{"@id":"https:\/\/coordly.co\/blog\/concepcao-de-edificios-altos-desafios-solucoes-e-tendencias-em-projetos-residenciais-e-comerciais\/#primaryimage"},"thumbnailUrl":"https:\/\/coordly.co\/wp-content\/uploads\/2026\/01\/Concepcao-de-edificios-altos.png","datePublished":"2026-01-29T19:29:23+00:00","dateModified":"2026-01-29T19:29:24+00:00","inLanguage":"en-US","potentialAction":[{"@type":"ReadAction","target":["https:\/\/coordly.co\/blog\/concepcao-de-edificios-altos-desafios-solucoes-e-tendencias-em-projetos-residenciais-e-comerciais\/"]}]},{"@type":"ImageObject","inLanguage":"en-US","@id":"https:\/\/coordly.co\/blog\/concepcao-de-edificios-altos-desafios-solucoes-e-tendencias-em-projetos-residenciais-e-comerciais\/#primaryimage","url":"https:\/\/coordly.co\/wp-content\/uploads\/2026\/01\/Concepcao-de-edificios-altos.png","contentUrl":"https:\/\/coordly.co\/wp-content\/uploads\/2026\/01\/Concepcao-de-edificios-altos.png","width":1536,"height":1024},{"@type":"WebSite","@id":"https:\/\/coordly.co\/#website","url":"https:\/\/coordly.co\/","name":"Coordly - Build it Better","description":"Build it Better","publisher":{"@id":"https:\/\/coordly.co\/#organization"},"alternateName":"Coordly","potentialAction":[{"@type":"SearchAction","target":{"@type":"EntryPoint","urlTemplate":"https:\/\/coordly.co\/?s={search_term_string}"},"query-input":{"@type":"PropertyValueSpecification","valueRequired":true,"valueName":"search_term_string"}}],"inLanguage":"en-US"},{"@type":"Organization","@id":"https:\/\/coordly.co\/#organization","name":"Coordly - Build it Better","alternateName":"Coordly","url":"https:\/\/coordly.co\/","logo":{"@type":"ImageObject","inLanguage":"en-US","@id":"https:\/\/coordly.co\/#\/schema\/logo\/image\/","url":"https:\/\/coordly.co\/wp-content\/uploads\/2024\/11\/Reducao-256px.png","contentUrl":"https:\/\/coordly.co\/wp-content\/uploads\/2024\/11\/Reducao-256px.png","width":256,"height":256,"caption":"Coordly - Build it Better"},"image":{"@id":"https:\/\/coordly.co\/#\/schema\/logo\/image\/"}},{"@type":"Person","@id":"https:\/\/coordly.co\/#\/schema\/person\/210e9009aed413d51acb010930197fd7","name":"admin","sameAs":["http:\/\/coordly.co"]}]}},"_links":{"self":[{"href":"https:\/\/coordly.co\/en\/wp-json\/wp\/v2\/posts\/2645","targetHints":{"allow":["GET"]}}],"collection":[{"href":"https:\/\/coordly.co\/en\/wp-json\/wp\/v2\/posts"}],"about":[{"href":"https:\/\/coordly.co\/en\/wp-json\/wp\/v2\/types\/post"}],"author":[{"embeddable":true,"href":"https:\/\/coordly.co\/en\/wp-json\/wp\/v2\/users\/1"}],"replies":[{"embeddable":true,"href":"https:\/\/coordly.co\/en\/wp-json\/wp\/v2\/comments?post=2645"}],"version-history":[{"count":2,"href":"https:\/\/coordly.co\/en\/wp-json\/wp\/v2\/posts\/2645\/revisions"}],"predecessor-version":[{"id":2648,"href":"https:\/\/coordly.co\/en\/wp-json\/wp\/v2\/posts\/2645\/revisions\/2648"}],"wp:featuredmedia":[{"embeddable":true,"href":"https:\/\/coordly.co\/en\/wp-json\/wp\/v2\/media\/2647"}],"wp:attachment":[{"href":"https:\/\/coordly.co\/en\/wp-json\/wp\/v2\/media?parent=2645"}],"wp:term":[{"taxonomy":"category","embeddable":true,"href":"https:\/\/coordly.co\/en\/wp-json\/wp\/v2\/categories?post=2645"},{"taxonomy":"post_tag","embeddable":true,"href":"https:\/\/coordly.co\/en\/wp-json\/wp\/v2\/tags?post=2645"}],"curies":[{"name":"wp","href":"https:\/\/api.w.org\/{rel}","templated":true}]}}